{"id":117,"date":"2018-02-09T10:48:00","date_gmt":"2018-02-09T13:48:00","guid":{"rendered":"http:\/\/aleare.com.ar\/web\/susan-kare-la-disenadora-de-los-iconos-de-apple\/"},"modified":"2023-11-02T18:31:08","modified_gmt":"2023-11-02T21:31:08","slug":"susan-kare-la-disenadora-de-los-iconos-de-apple","status":"publish","type":"post","link":"https:\/\/aleare.com.ar\/blog\/susan-kare-la-disenadora-de-los-iconos-de-apple\/","title":{"rendered":"Susan Kare, la dise\u00f1adora de los \u00edconos de Apple"},"content":{"rendered":"<div class='booster-block booster-read-block'><\/div><p>Apple es m\u00e1s que Jobs, Steve Wozniak y Ronald Wayne. Como todas las empresas, el \u00e9xito tiene origen en el conjunto de los empleados que llegaron antes y despu\u00e9s de su ascenso a la fama. Entre estas personas estaban <b>Susan Kare<\/b>, una joven dise\u00f1adora que lleg\u00f3 a formar parte del equipo de seis personas que Jobs agrup\u00f3 para trabajar en el Macintosh original.<br \/>\nLleg\u00f3 a la empresa en 1982 de la mano de su amigo Andy Hertzfeld, programador del sistema operativo de Macintosh. Gracias a Apple, Susan Kare se fue haciendo un lugar en el mundo del dise\u00f1o y la computaci\u00f3n.<br \/>\n<span style=\"color: #ffffff;\">.<\/span><\/p>\n<h4>Simplicidad: menos es m\u00e1s<\/h4>\n<p>Sus ideas se pueden caracterizar como organizadas, sint\u00e9ticas y simplificadas, algo as\u00ed como el concepto breve, claro y conciso. En palabras de Kare, citadas en la revista Experimenta: <i>\u201ctodav\u00eda creo en el viejo refr\u00e1n que dice que las \u2018las cosas sencillas deben ser sencillas, mientras que las cosas complicadas deben ser posibles\u201d<\/i>.<br \/>\nEn Apple, Susan Kare fue la encargada de dise\u00f1ar tipograf\u00edas como San Francisco, Genova, Monaco, New York o Chicago. Esta \u00faltima fue una de las grandes letras usadas por Macintosh, y que, posteriormente, se incorporar\u00eda a las primeras versiones del iPod. Su desarrollo de tipograf\u00edas fue una de sus caracter\u00edsticas m\u00e1s destacadas. As\u00ed, se potenciaron el dise\u00f1o y las artes gr\u00e1ficas, iconos que llevaron a la fama a la empresa de la manzana en su primer momento.<br \/>\nAdem\u00e1s de la tipograf\u00eda, cre\u00f3 los iconos del ordenador de Apple. Entre los m\u00e1s famosos destacan el Happy Mac, de la pantalla inicial, la bomba que indicaba un fallo grave, el reloj, la papelera o las tijeras para cortar. Todos ellos perdurando en el tiempo.<br \/>\n<span style=\"color: #ffffff;\">.<\/span><\/p>\n<h4>M\u00e1s all\u00e1 de la manzana<\/h4>\n<p>Adem\u00e1s de Apple, Susan se uni\u00f3 como directora creativa al equipo de NeXT, la empresa creada por Steve Jobs tras el lanzamiento en 1984 del primer Macintosh. Tambi\u00e9n ha trabajado en empresas como IBM, Linux, Pinterest (m\u00e1s recientemente), as\u00ed como en Microsoft. En la gran competidora de Apple, Susan Kare se enfrent\u00f3 al color. De esta forma, fue la encargada de dise\u00f1ar la baraja de uno de los juegos m\u00e1s famosos de la historia de la computaci\u00f3n, el Solitario en Windows 3.0. As\u00ed como los iconos del blog de notas, un programa que ha permanecido casi virgen hasta hace relativamente poco tiempo.<br \/>\nA pesar de que su carrera est\u00e1 ligada a los dispositivos electr\u00f3nicos, ocup\u00f3 durante un a\u00f1o un puesto en la Casa de la Moneda de Estados Unidos. All\u00ed, se encarg\u00f3 de supervisar el dise\u00f1o de las divisas. Por otro lado, su profesionalidad ha sido reconocida con el galard\u00f3n Chrysler en 2001, que premia a las personas influyentes en la cultura americana.<br \/>\nLa autora de un sinf\u00edn de trabajos que abundan en nuestros dispositivos, recordando que menos es m\u00e1s. La dise\u00f1adora ha sabido reinventarse y adaptarse en un periodo de cambio constante, siendo, adem\u00e1s, una pionera de su tiempo que ha dado vida a los iconos m\u00e1s utilizados, y posibilitando una experiencia m\u00e1s sencilla para el usuario.<\/p>\n<p><span style=\"color: #ffffff;\">.<\/span><\/p><div class=\"alear-contenido_2 alear-entity-placement\" id=\"alear-3344374393\"><div id=\"ads-no-underline\" style=\"margin-top: 50px;margin-bottom: 31px;margin-left: auto;margin-right: auto;text-align: center;\"><p><a href=\"https:\/\/www.presearch.org\/signup?rid=2329661\" target=\"_blank\" rel=\"noopener\"><br \/>\n<img decoding=\"async\" class=\"aligncenter\" title=\"Presearch\" src=\"https:\/\/presearch.org\/images\/rf\/ban-4.jpg\" alt=\"presearch\" \/><\/a><\/p>\n<\/div><\/div>\n<div style=\"background-color: mistyrose; padding: 1em; border-radius: 5px; display: block; margin: 2em 0 2.5em;\"><em>Te puede interesar:<\/em><br \/>\n<em><strong><a href=\"https:\/\/aleare.com.ar\/blog\/touch-bar-promesa-y-desencanto-de-las-macbook\/\">Touch Bar: promesa y desencanto de las Macbook<\/a><\/strong><\/em><\/div>\n<p><i>Fuente: <a href=\"https:\/\/blogthinkbig.com\/susan-kare-la-disenadora-mas-desconocida-de-apple\" target=\"_blank\" rel=\"noopener noreferrer\">Blogthinkbig.com<\/a><\/i><br \/>\n<i>Autora: <a href=\"https:\/\/blogthinkbig.com\/autor\/marisolpenagomez\" target=\"_blank\" rel=\"noopener noreferrer\">Marisol Pe\u00f1a<\/a><\/i><\/p>\n<div class=\"alear-despues-del-contenido-2 alear-entity-placement\" id=\"alear-3708423426\"><div id=\"ads-no-underline\" class=\"AdsContent\" style=\"margin-top: 15px;margin-bottom: 20px;margin-left: auto;margin-right: auto;text-align: center;\"><a href=\"https:\/\/ar.neolo.com\/aff.php?aff=369\" target=\"_blank\" aria-label=\"Neolo Servicios de Hosting -- El blog de aleare.design\"><img loading=\"lazy\" decoding=\"async\" src=\"https:\/\/aleare.com.ar\/blog\/wp-content\/uploads\/2020\/04\/Neolo_Banners_sin-tilde-x4_728x90.png\" alt=\"Neolo Servicios de Hosting -- El blog de aleare.design\"  srcset=\"https:\/\/aleare.com.ar\/blog\/wp-content\/uploads\/2020\/04\/Neolo_Banners_sin-tilde-x4_728x90.png 728w, https:\/\/aleare.com.ar\/blog\/wp-content\/uploads\/2020\/04\/Neolo_Banners_sin-tilde-x4_728x90-300x37.png 300w\" sizes=\"(max-width: 728px) 100vw, 728px\" width=\"728\" height=\"90\"  style=\"display: inline-block;\" \/><\/a><\/div><\/div><div id=\"alear-3535002988\" class=\"alear-despues-del-contenido alear-entity-placement\" style=\"margin-top: 30px;margin-bottom: 30px;\"><script async src=\"\/\/pagead2.googlesyndication.com\/pagead\/js\/adsbygoogle.js?client=ca-pub-5464693981010234\" crossorigin=\"anonymous\"><\/script><ins class=\"adsbygoogle\" style=\"display:block;\" data-ad-client=\"ca-pub-5464693981010234\" \ndata-ad-slot=\"2927777050\" \ndata-ad-format=\"auto\" data-full-width-responsive=\"true\"><\/ins>\n<script> \n(adsbygoogle = window.adsbygoogle || []).push({}); \n<\/script>\n<\/div>","protected":false},"excerpt":{"rendered":"<p>Apple es m\u00e1s que Jobs, Steve Wozniak y Ronald Wayne. Como todas las empresas, el \u00e9xito tiene origen en el conjunto de los empleados que llegaron antes y despu\u00e9s de su ascenso a la fama. Entre estas personas estaban Susan Kare, una joven dise\u00f1adora que lleg\u00f3 a formar parte del equipo de seis personas que [&hellip;]<\/p>\n","protected":false},"author":3,"featured_media":1319,"comment_status":"open","ping_status":"closed","sticky":false,"template":"","format":"standard","meta":{"footnotes":""},"categories":[50,36],"tags":[156,110],"class_list":["post-117","post","type-post","status-publish","format-standard","has-post-thumbnail","hentry","category-apple","category-diseno-grafico","tag-bios","tag-diseno-grafico"],"yoast_head":"<!-- This site is optimized with the Yoast SEO plugin v27.5 - https:\/\/yoast.com\/product\/yoast-seo-wordpress\/ -->\n<title>Susan Kare, la dise\u00f1adora de los \u00edconos de Apple - El blog de Aleare Design<\/title>\n<meta name=\"description\" content=\"Susan Kare es la dise\u00f1adora que lleg\u00f3 a formar parte del equipo de 6 personas que Jobs agrup\u00f3 para trabajar en el Macintosh original de Apple\" \/>\n<meta name=\"robots\" content=\"index, follow, max-snippet:-1, max-image-preview:large, max-video-preview:-1\" \/>\n<link rel=\"canonical\" href=\"https:\/\/aleare.com.ar\/blog\/susan-kare-la-disenadora-de-los-iconos-de-apple\/\" \/>\n<meta property=\"og:locale\" content=\"es_ES\" \/>\n<meta property=\"og:type\" content=\"article\" \/>\n<meta property=\"og:title\" content=\"Susan Kare, la dise\u00f1adora de los \u00edconos de Apple - El blog de Aleare Design\" \/>\n<meta property=\"og:description\" content=\"Susan Kare es la dise\u00f1adora que lleg\u00f3 a formar parte del equipo de 6 personas que Jobs agrup\u00f3 para trabajar en el Macintosh original de Apple\" \/>\n<meta property=\"og:url\" content=\"https:\/\/aleare.com.ar\/blog\/susan-kare-la-disenadora-de-los-iconos-de-apple\/\" \/>\n<meta property=\"og:site_name\" content=\"El blog de Aleare Design\" \/>\n<meta property=\"article:publisher\" content=\"https:\/\/facebook.com\/aleare.design\" \/>\n<meta property=\"article:published_time\" content=\"2018-02-09T13:48:00+00:00\" \/>\n<meta property=\"article:modified_time\" content=\"2023-11-02T21:31:08+00:00\" \/>\n<meta property=\"og:image\" content=\"https:\/\/aleare.com.ar\/blog\/wp-content\/uploads\/2018\/02\/aleare-design-SusanKare-icon-disen\u0303a-apple.jpg\" \/>\n\t<meta property=\"og:image:width\" content=\"960\" \/>\n\t<meta property=\"og:image:height\" content=\"560\" \/>\n\t<meta property=\"og:image:type\" content=\"image\/jpeg\" \/>\n<meta name=\"author\" content=\"Alejandra Arellano\" \/>\n<meta name=\"twitter:card\" content=\"summary_large_image\" \/>\n<meta name=\"twitter:creator\" content=\"@alearedesign\" \/>\n<meta name=\"twitter:site\" content=\"@alearedesign\" \/>\n<meta name=\"twitter:label1\" content=\"Escrito por\" \/>\n\t<meta name=\"twitter:data1\" content=\"Alejandra Arellano\" \/>\n\t<meta name=\"twitter:label2\" content=\"Tiempo de lectura\" \/>\n\t<meta name=\"twitter:data2\" content=\"3 minutos\" \/>\n<script type=\"application\/ld+json\" class=\"yoast-schema-graph\">{\"@context\":\"https:\\\/\\\/schema.org\",\"@graph\":[{\"@type\":\"Article\",\"@id\":\"https:\\\/\\\/aleare.com.ar\\\/blog\\\/susan-kare-la-disenadora-de-los-iconos-de-apple\\\/#article\",\"isPartOf\":{\"@id\":\"https:\\\/\\\/aleare.com.ar\\\/blog\\\/susan-kare-la-disenadora-de-los-iconos-de-apple\\\/\"},\"author\":{\"name\":\"Alejandra Arellano\",\"@id\":\"https:\\\/\\\/aleare.com.ar\\\/blog\\\/#\\\/schema\\\/person\\\/27a45eff37314009fd06aa7775650f0e\"},\"headline\":\"Susan Kare, la dise\u00f1adora de los \u00edconos de Apple\",\"datePublished\":\"2018-02-09T13:48:00+00:00\",\"dateModified\":\"2023-11-02T21:31:08+00:00\",\"mainEntityOfPage\":{\"@id\":\"https:\\\/\\\/aleare.com.ar\\\/blog\\\/susan-kare-la-disenadora-de-los-iconos-de-apple\\\/\"},\"wordCount\":563,\"commentCount\":0,\"publisher\":{\"@id\":\"https:\\\/\\\/aleare.com.ar\\\/blog\\\/#organization\"},\"image\":{\"@id\":\"https:\\\/\\\/aleare.com.ar\\\/blog\\\/susan-kare-la-disenadora-de-los-iconos-de-apple\\\/#primaryimage\"},\"thumbnailUrl\":\"https:\\\/\\\/aleare.com.ar\\\/blog\\\/wp-content\\\/uploads\\\/2018\\\/02\\\/aleare-design-SusanKare-icon-disen\u0303a-apple.jpg\",\"keywords\":[\"Bios\",\"Dise\u00f1o gr\u00e1fico\"],\"articleSection\":[\"Apple\",\"Dise\u00f1o gr\u00e1fico\"],\"inLanguage\":\"es\",\"potentialAction\":[{\"@type\":\"CommentAction\",\"name\":\"Comment\",\"target\":[\"https:\\\/\\\/aleare.com.ar\\\/blog\\\/susan-kare-la-disenadora-de-los-iconos-de-apple\\\/#respond\"]}]},{\"@type\":\"WebPage\",\"@id\":\"https:\\\/\\\/aleare.com.ar\\\/blog\\\/susan-kare-la-disenadora-de-los-iconos-de-apple\\\/\",\"url\":\"https:\\\/\\\/aleare.com.ar\\\/blog\\\/susan-kare-la-disenadora-de-los-iconos-de-apple\\\/\",\"name\":\"Susan Kare, la dise\u00f1adora de los \u00edconos de Apple - El blog de Aleare Design\",\"isPartOf\":{\"@id\":\"https:\\\/\\\/aleare.com.ar\\\/blog\\\/#website\"},\"primaryImageOfPage\":{\"@id\":\"https:\\\/\\\/aleare.com.ar\\\/blog\\\/susan-kare-la-disenadora-de-los-iconos-de-apple\\\/#primaryimage\"},\"image\":{\"@id\":\"https:\\\/\\\/aleare.com.ar\\\/blog\\\/susan-kare-la-disenadora-de-los-iconos-de-apple\\\/#primaryimage\"},\"thumbnailUrl\":\"https:\\\/\\\/aleare.com.ar\\\/blog\\\/wp-content\\\/uploads\\\/2018\\\/02\\\/aleare-design-SusanKare-icon-disen\u0303a-apple.jpg\",\"datePublished\":\"2018-02-09T13:48:00+00:00\",\"dateModified\":\"2023-11-02T21:31:08+00:00\",\"description\":\"Susan Kare es la dise\u00f1adora que lleg\u00f3 a formar parte del equipo de 6 personas que Jobs agrup\u00f3 para trabajar en el Macintosh original de Apple\",\"breadcrumb\":{\"@id\":\"https:\\\/\\\/aleare.com.ar\\\/blog\\\/susan-kare-la-disenadora-de-los-iconos-de-apple\\\/#breadcrumb\"},\"inLanguage\":\"es\",\"potentialAction\":[{\"@type\":\"ReadAction\",\"target\":[\"https:\\\/\\\/aleare.com.ar\\\/blog\\\/susan-kare-la-disenadora-de-los-iconos-de-apple\\\/\"]}]},{\"@type\":\"ImageObject\",\"inLanguage\":\"es\",\"@id\":\"https:\\\/\\\/aleare.com.ar\\\/blog\\\/susan-kare-la-disenadora-de-los-iconos-de-apple\\\/#primaryimage\",\"url\":\"https:\\\/\\\/aleare.com.ar\\\/blog\\\/wp-content\\\/uploads\\\/2018\\\/02\\\/aleare-design-SusanKare-icon-disen\u0303a-apple.jpg\",\"contentUrl\":\"https:\\\/\\\/aleare.com.ar\\\/blog\\\/wp-content\\\/uploads\\\/2018\\\/02\\\/aleare-design-SusanKare-icon-disen\u0303a-apple.jpg\",\"width\":960,\"height\":560,\"caption\":\"Susan Kare, la dise\u00f1adora de los iconos de Apple \\\/\\\/\\\/ El blog de aleare.design\"},{\"@type\":\"BreadcrumbList\",\"@id\":\"https:\\\/\\\/aleare.com.ar\\\/blog\\\/susan-kare-la-disenadora-de-los-iconos-de-apple\\\/#breadcrumb\",\"itemListElement\":[{\"@type\":\"ListItem\",\"position\":1,\"name\":\"Portada\",\"item\":\"https:\\\/\\\/aleare.com.ar\\\/blog\\\/\"},{\"@type\":\"ListItem\",\"position\":2,\"name\":\"Susan Kare, la dise\u00f1adora de los \u00edconos de Apple\"}]},{\"@type\":\"WebSite\",\"@id\":\"https:\\\/\\\/aleare.com.ar\\\/blog\\\/#website\",\"url\":\"https:\\\/\\\/aleare.com.ar\\\/blog\\\/\",\"name\":\"El Blog de Aleare Design\",\"description\":\"dise\u00f1o gr\u00e1fico | dise\u00f1o web | programaci\u00f3n | ecommerce | email marketing | redes sociales\",\"publisher\":{\"@id\":\"https:\\\/\\\/aleare.com.ar\\\/blog\\\/#organization\"},\"alternateName\":\"El Blog de Aleare Design\",\"potentialAction\":[{\"@type\":\"SearchAction\",\"target\":{\"@type\":\"EntryPoint\",\"urlTemplate\":\"https:\\\/\\\/aleare.com.ar\\\/blog\\\/?s={search_term_string}\"},\"query-input\":{\"@type\":\"PropertyValueSpecification\",\"valueRequired\":true,\"valueName\":\"search_term_string\"}}],\"inLanguage\":\"es\"},{\"@type\":\"Organization\",\"@id\":\"https:\\\/\\\/aleare.com.ar\\\/blog\\\/#organization\",\"name\":\"Aleare Design Estudio Creativo\",\"alternateName\":\"Aleare Design\",\"url\":\"https:\\\/\\\/aleare.com.ar\\\/blog\\\/\",\"logo\":{\"@type\":\"ImageObject\",\"inLanguage\":\"es\",\"@id\":\"https:\\\/\\\/aleare.com.ar\\\/blog\\\/#\\\/schema\\\/logo\\\/image\\\/\",\"url\":\"https:\\\/\\\/aleare.com.ar\\\/blog\\\/wp-content\\\/uploads\\\/2021\\\/06\\\/aleare-design-estudio-creativo.jpg\",\"contentUrl\":\"https:\\\/\\\/aleare.com.ar\\\/blog\\\/wp-content\\\/uploads\\\/2021\\\/06\\\/aleare-design-estudio-creativo.jpg\",\"width\":840,\"height\":600,\"caption\":\"Aleare Design Estudio Creativo\"},\"image\":{\"@id\":\"https:\\\/\\\/aleare.com.ar\\\/blog\\\/#\\\/schema\\\/logo\\\/image\\\/\"},\"sameAs\":[\"https:\\\/\\\/facebook.com\\\/aleare.design\",\"https:\\\/\\\/x.com\\\/alearedesign\",\"https:\\\/\\\/instagram.com\\\/aleare.design\"]},{\"@type\":\"Person\",\"@id\":\"https:\\\/\\\/aleare.com.ar\\\/blog\\\/#\\\/schema\\\/person\\\/27a45eff37314009fd06aa7775650f0e\",\"name\":\"Alejandra Arellano\",\"image\":{\"@type\":\"ImageObject\",\"inLanguage\":\"es\",\"@id\":\"https:\\\/\\\/secure.gravatar.com\\\/avatar\\\/d958e05f7413bcdb38a469ad3c97abaeaf779735a05792a6b3e3e41df4406516?s=96&d=wp_user_avatar&r=g\",\"url\":\"https:\\\/\\\/secure.gravatar.com\\\/avatar\\\/d958e05f7413bcdb38a469ad3c97abaeaf779735a05792a6b3e3e41df4406516?s=96&d=wp_user_avatar&r=g\",\"contentUrl\":\"https:\\\/\\\/secure.gravatar.com\\\/avatar\\\/d958e05f7413bcdb38a469ad3c97abaeaf779735a05792a6b3e3e41df4406516?s=96&d=wp_user_avatar&r=g\",\"caption\":\"Alejandra Arellano\"},\"description\":\"\u00a1Hola Mundo! Soy dise\u00f1adora gr\u00e1fica y web, programadora HTML\\\/CSS, ilustradora, community manager, curadora de contenidos, escritora, mentora. Fundadora y directora de Aleare Design Estudio Creativo y Comunicaci\u00f3n Digital.\",\"sameAs\":[\"https:\\\/\\\/aleare.com.ar\\\/\"],\"url\":\"https:\\\/\\\/aleare.com.ar\\\/blog\\\/author\\\/aleare\\\/\"}]}<\/script>\n<!-- \/ Yoast SEO plugin. -->","yoast_head_json":{"title":"Susan Kare, la dise\u00f1adora de los \u00edconos de Apple - El blog de Aleare Design","description":"Susan Kare es la dise\u00f1adora que lleg\u00f3 a formar parte del equipo de 6 personas que Jobs agrup\u00f3 para trabajar en el Macintosh original de Apple","robots":{"index":"index","follow":"follow","max-snippet":"max-snippet:-1","max-image-preview":"max-image-preview:large","max-video-preview":"max-video-preview:-1"},"canonical":"https:\/\/aleare.com.ar\/blog\/susan-kare-la-disenadora-de-los-iconos-de-apple\/","og_locale":"es_ES","og_type":"article","og_title":"Susan Kare, la dise\u00f1adora de los \u00edconos de Apple - El blog de Aleare Design","og_description":"Susan Kare es la dise\u00f1adora que lleg\u00f3 a formar parte del equipo de 6 personas que Jobs agrup\u00f3 para trabajar en el Macintosh original de Apple","og_url":"https:\/\/aleare.com.ar\/blog\/susan-kare-la-disenadora-de-los-iconos-de-apple\/","og_site_name":"El blog de Aleare Design","article_publisher":"https:\/\/facebook.com\/aleare.design","article_published_time":"2018-02-09T13:48:00+00:00","article_modified_time":"2023-11-02T21:31:08+00:00","og_image":[{"width":960,"height":560,"url":"https:\/\/aleare.com.ar\/blog\/wp-content\/uploads\/2018\/02\/aleare-design-SusanKare-icon-disen\u0303a-apple.jpg","type":"image\/jpeg"}],"author":"Alejandra Arellano","twitter_card":"summary_large_image","twitter_creator":"@alearedesign","twitter_site":"@alearedesign","twitter_misc":{"Escrito por":"Alejandra Arellano","Tiempo de lectura":"3 minutos"},"schema":{"@context":"https:\/\/schema.org","@graph":[{"@type":"Article","@id":"https:\/\/aleare.com.ar\/blog\/susan-kare-la-disenadora-de-los-iconos-de-apple\/#article","isPartOf":{"@id":"https:\/\/aleare.com.ar\/blog\/susan-kare-la-disenadora-de-los-iconos-de-apple\/"},"author":{"name":"Alejandra Arellano","@id":"https:\/\/aleare.com.ar\/blog\/#\/schema\/person\/27a45eff37314009fd06aa7775650f0e"},"headline":"Susan Kare, la dise\u00f1adora de los \u00edconos de Apple","datePublished":"2018-02-09T13:48:00+00:00","dateModified":"2023-11-02T21:31:08+00:00","mainEntityOfPage":{"@id":"https:\/\/aleare.com.ar\/blog\/susan-kare-la-disenadora-de-los-iconos-de-apple\/"},"wordCount":563,"commentCount":0,"publisher":{"@id":"https:\/\/aleare.com.ar\/blog\/#organization"},"image":{"@id":"https:\/\/aleare.com.ar\/blog\/susan-kare-la-disenadora-de-los-iconos-de-apple\/#primaryimage"},"thumbnailUrl":"https:\/\/aleare.com.ar\/blog\/wp-content\/uploads\/2018\/02\/aleare-design-SusanKare-icon-disen\u0303a-apple.jpg","keywords":["Bios","Dise\u00f1o gr\u00e1fico"],"articleSection":["Apple","Dise\u00f1o gr\u00e1fico"],"inLanguage":"es","potentialAction":[{"@type":"CommentAction","name":"Comment","target":["https:\/\/aleare.com.ar\/blog\/susan-kare-la-disenadora-de-los-iconos-de-apple\/#respond"]}]},{"@type":"WebPage","@id":"https:\/\/aleare.com.ar\/blog\/susan-kare-la-disenadora-de-los-iconos-de-apple\/","url":"https:\/\/aleare.com.ar\/blog\/susan-kare-la-disenadora-de-los-iconos-de-apple\/","name":"Susan Kare, la dise\u00f1adora de los \u00edconos de Apple - El blog de Aleare Design","isPartOf":{"@id":"https:\/\/aleare.com.ar\/blog\/#website"},"primaryImageOfPage":{"@id":"https:\/\/aleare.com.ar\/blog\/susan-kare-la-disenadora-de-los-iconos-de-apple\/#primaryimage"},"image":{"@id":"https:\/\/aleare.com.ar\/blog\/susan-kare-la-disenadora-de-los-iconos-de-apple\/#primaryimage"},"thumbnailUrl":"https:\/\/aleare.com.ar\/blog\/wp-content\/uploads\/2018\/02\/aleare-design-SusanKare-icon-disen\u0303a-apple.jpg","datePublished":"2018-02-09T13:48:00+00:00","dateModified":"2023-11-02T21:31:08+00:00","description":"Susan Kare es la dise\u00f1adora que lleg\u00f3 a formar parte del equipo de 6 personas que Jobs agrup\u00f3 para trabajar en el Macintosh original de Apple","breadcrumb":{"@id":"https:\/\/aleare.com.ar\/blog\/susan-kare-la-disenadora-de-los-iconos-de-apple\/#breadcrumb"},"inLanguage":"es","potentialAction":[{"@type":"ReadAction","target":["https:\/\/aleare.com.ar\/blog\/susan-kare-la-disenadora-de-los-iconos-de-apple\/"]}]},{"@type":"ImageObject","inLanguage":"es","@id":"https:\/\/aleare.com.ar\/blog\/susan-kare-la-disenadora-de-los-iconos-de-apple\/#primaryimage","url":"https:\/\/aleare.com.ar\/blog\/wp-content\/uploads\/2018\/02\/aleare-design-SusanKare-icon-disen\u0303a-apple.jpg","contentUrl":"https:\/\/aleare.com.ar\/blog\/wp-content\/uploads\/2018\/02\/aleare-design-SusanKare-icon-disen\u0303a-apple.jpg","width":960,"height":560,"caption":"Susan Kare, la dise\u00f1adora de los iconos de Apple \/\/\/ El blog de aleare.design"},{"@type":"BreadcrumbList","@id":"https:\/\/aleare.com.ar\/blog\/susan-kare-la-disenadora-de-los-iconos-de-apple\/#breadcrumb","itemListElement":[{"@type":"ListItem","position":1,"name":"Portada","item":"https:\/\/aleare.com.ar\/blog\/"},{"@type":"ListItem","position":2,"name":"Susan Kare, la dise\u00f1adora de los \u00edconos de Apple"}]},{"@type":"WebSite","@id":"https:\/\/aleare.com.ar\/blog\/#website","url":"https:\/\/aleare.com.ar\/blog\/","name":"El Blog de Aleare Design","description":"dise\u00f1o gr\u00e1fico | dise\u00f1o web | programaci\u00f3n | ecommerce | email marketing | redes sociales","publisher":{"@id":"https:\/\/aleare.com.ar\/blog\/#organization"},"alternateName":"El Blog de Aleare Design","potentialAction":[{"@type":"SearchAction","target":{"@type":"EntryPoint","urlTemplate":"https:\/\/aleare.com.ar\/blog\/?s={search_term_string}"},"query-input":{"@type":"PropertyValueSpecification","valueRequired":true,"valueName":"search_term_string"}}],"inLanguage":"es"},{"@type":"Organization","@id":"https:\/\/aleare.com.ar\/blog\/#organization","name":"Aleare Design Estudio Creativo","alternateName":"Aleare Design","url":"https:\/\/aleare.com.ar\/blog\/","logo":{"@type":"ImageObject","inLanguage":"es","@id":"https:\/\/aleare.com.ar\/blog\/#\/schema\/logo\/image\/","url":"https:\/\/aleare.com.ar\/blog\/wp-content\/uploads\/2021\/06\/aleare-design-estudio-creativo.jpg","contentUrl":"https:\/\/aleare.com.ar\/blog\/wp-content\/uploads\/2021\/06\/aleare-design-estudio-creativo.jpg","width":840,"height":600,"caption":"Aleare Design Estudio Creativo"},"image":{"@id":"https:\/\/aleare.com.ar\/blog\/#\/schema\/logo\/image\/"},"sameAs":["https:\/\/facebook.com\/aleare.design","https:\/\/x.com\/alearedesign","https:\/\/instagram.com\/aleare.design"]},{"@type":"Person","@id":"https:\/\/aleare.com.ar\/blog\/#\/schema\/person\/27a45eff37314009fd06aa7775650f0e","name":"Alejandra Arellano","image":{"@type":"ImageObject","inLanguage":"es","@id":"https:\/\/secure.gravatar.com\/avatar\/d958e05f7413bcdb38a469ad3c97abaeaf779735a05792a6b3e3e41df4406516?s=96&d=wp_user_avatar&r=g","url":"https:\/\/secure.gravatar.com\/avatar\/d958e05f7413bcdb38a469ad3c97abaeaf779735a05792a6b3e3e41df4406516?s=96&d=wp_user_avatar&r=g","contentUrl":"https:\/\/secure.gravatar.com\/avatar\/d958e05f7413bcdb38a469ad3c97abaeaf779735a05792a6b3e3e41df4406516?s=96&d=wp_user_avatar&r=g","caption":"Alejandra Arellano"},"description":"\u00a1Hola Mundo! Soy dise\u00f1adora gr\u00e1fica y web, programadora HTML\/CSS, ilustradora, community manager, curadora de contenidos, escritora, mentora. Fundadora y directora de Aleare Design Estudio Creativo y Comunicaci\u00f3n Digital.","sameAs":["https:\/\/aleare.com.ar\/"],"url":"https:\/\/aleare.com.ar\/blog\/author\/aleare\/"}]}},"amp_enabled":true,"_links":{"self":[{"href":"https:\/\/aleare.com.ar\/blog\/wp-json\/wp\/v2\/posts\/117","targetHints":{"allow":["GET"]}}],"collection":[{"href":"https:\/\/aleare.com.ar\/blog\/wp-json\/wp\/v2\/posts"}],"about":[{"href":"https:\/\/aleare.com.ar\/blog\/wp-json\/wp\/v2\/types\/post"}],"author":[{"embeddable":true,"href":"https:\/\/aleare.com.ar\/blog\/wp-json\/wp\/v2\/users\/3"}],"replies":[{"embeddable":true,"href":"https:\/\/aleare.com.ar\/blog\/wp-json\/wp\/v2\/comments?post=117"}],"version-history":[{"count":2,"href":"https:\/\/aleare.com.ar\/blog\/wp-json\/wp\/v2\/posts\/117\/revisions"}],"predecessor-version":[{"id":2934,"href":"https:\/\/aleare.com.ar\/blog\/wp-json\/wp\/v2\/posts\/117\/revisions\/2934"}],"wp:featuredmedia":[{"embeddable":true,"href":"https:\/\/aleare.com.ar\/blog\/wp-json\/wp\/v2\/media\/1319"}],"wp:attachment":[{"href":"https:\/\/aleare.com.ar\/blog\/wp-json\/wp\/v2\/media?parent=117"}],"wp:term":[{"taxonomy":"category","embeddable":true,"href":"https:\/\/aleare.com.ar\/blog\/wp-json\/wp\/v2\/categories?post=117"},{"taxonomy":"post_tag","embeddable":true,"href":"https:\/\/aleare.com.ar\/blog\/wp-json\/wp\/v2\/tags?post=117"}],"curies":[{"name":"wp","href":"https:\/\/api.w.org\/{rel}","templated":true}]}}