{"id":118,"date":"2018-02-07T07:21:00","date_gmt":"2018-02-07T10:21:00","guid":{"rendered":"http:\/\/aleare.com.ar\/web\/el-poder-del-video-en-marketing-digital\/"},"modified":"2025-03-05T00:16:00","modified_gmt":"2025-03-05T03:16:00","slug":"el-poder-del-video-en-marketing-digital","status":"publish","type":"post","link":"https:\/\/aleare.com.ar\/blog\/el-poder-del-video-en-marketing-digital\/","title":{"rendered":"El poder del video en marketing digital"},"content":{"rendered":"<div class='booster-block booster-read-block'><\/div><div style=\"clear: both; text-align: left;\">Hoy les traigo esta infograf\u00eda que nos explica el poder del video en marketing digital y por qu\u00e9 deber\u00edamos incorporarlo a nuestra estrategia de contenidos.<\/div>\n<div style=\"clear: both; text-align: center;\"><\/div>\n<div style=\"clear: both; text-align: center;\"><img loading=\"lazy\" decoding=\"async\" class=\"alignnone\" src=\"https:\/\/2.bp.blogspot.com\/-B8xZErTlNKU\/Wnp-AGWFJoI\/AAAAAAAATjU\/cemwO5xcjiURMdQrzMl_p_Ynq7pI3BAJwCLcBGAs\/s1600\/7e2e59e0836ead35995d5fba2559b511.jpg\" alt=\"\" width=\"564\" height=\"1525\" border=\"0\" data-original-height=\"1525\" data-original-width=\"564\" \/><\/div>\n<p>&nbsp;<\/p>\n<div style=\"background-color: mistyrose; padding: 1em; border-radius: 5px; display: block; margin: 2em 0 2.5em;\"><em>Te puede interesar:<\/em><br \/>\n<em><strong><a href=\"blog\/6-herramientas-para-marketing-digital-gratis\/\">6 Herramientas para Marketing Digital (\u00a1gratis!)<\/a><\/strong><\/em><\/div>\n<p>&nbsp;<\/p>\n<div class=\"alear-despues-del-contenido-2 alear-entity-placement\" id=\"alear-1149867964\"><div id=\"ads-no-underline\" style=\"margin-top: 50px;margin-bottom: 31px;margin-left: auto;margin-right: auto;text-align: center;\"><p><a href=\"https:\/\/www.presearch.org\/signup?rid=2329661\" target=\"_blank\" rel=\"noopener\"><br \/>\n<img decoding=\"async\" class=\"aligncenter\" title=\"Presearch\" src=\"https:\/\/presearch.org\/images\/rf\/ban-4.jpg\" alt=\"presearch\" \/><\/a><\/p>\n<\/div><\/div><div id=\"alear-1161064395\" class=\"alear-despues-del-contenido alear-entity-placement\" style=\"margin-top: 30px;margin-bottom: 30px;\"><script async src=\"\/\/pagead2.googlesyndication.com\/pagead\/js\/adsbygoogle.js?client=ca-pub-5464693981010234\" crossorigin=\"anonymous\"><\/script><ins class=\"adsbygoogle\" style=\"display:block;\" data-ad-client=\"ca-pub-5464693981010234\" \ndata-ad-slot=\"2927777050\" \ndata-ad-format=\"auto\" data-full-width-responsive=\"true\"><\/ins>\n<script> \n(adsbygoogle = window.adsbygoogle || []).push({}); \n<\/script>\n<\/div>","protected":false},"excerpt":{"rendered":"<p>Hoy les traigo esta infograf\u00eda que nos explica el poder del video en marketing digital y por qu\u00e9 deber\u00edamos incorporarlo a nuestra estrategia de contenidos. &nbsp; Te puede interesar: 6 Herramientas para Marketing Digital (\u00a1gratis!) &nbsp;<\/p>\n","protected":false},"author":3,"featured_media":2287,"comment_status":"open","ping_status":"closed","sticky":false,"template":"","format":"standard","meta":{"footnotes":""},"categories":[41,55],"tags":[89,101],"class_list":["post-118","post","type-post","status-publish","format-standard","has-post-thumbnail","hentry","category-infografias","category-marketing","tag-marketing","tag-videos"],"yoast_head":"<!-- This site is optimized with the Yoast SEO plugin v27.5 - https:\/\/yoast.com\/product\/yoast-seo-wordpress\/ -->\n<title>El poder del video en marketing digital - El blog de Aleare Design<\/title>\n<meta name=\"description\" content=\"Esta infograf\u00eda nos explica el poder del video en marketing digital y por qu\u00e9 deber\u00edamos incorporarlo a nuestra estrategia de contenidos.\" \/>\n<meta name=\"robots\" content=\"index, follow, max-snippet:-1, max-image-preview:large, max-video-preview:-1\" \/>\n<link rel=\"canonical\" href=\"https:\/\/aleare.com.ar\/blog\/el-poder-del-video-en-marketing-digital\/\" \/>\n<meta property=\"og:locale\" content=\"es_ES\" \/>\n<meta property=\"og:type\" content=\"article\" \/>\n<meta property=\"og:title\" content=\"El poder del video en marketing digital - El blog de Aleare Design\" \/>\n<meta property=\"og:description\" content=\"Esta infograf\u00eda nos explica el poder del video en marketing digital y por qu\u00e9 deber\u00edamos incorporarlo a nuestra estrategia de contenidos.\" \/>\n<meta property=\"og:url\" content=\"https:\/\/aleare.com.ar\/blog\/el-poder-del-video-en-marketing-digital\/\" \/>\n<meta property=\"og:site_name\" content=\"El blog de Aleare Design\" \/>\n<meta property=\"article:publisher\" content=\"https:\/\/facebook.com\/aleare.design\" \/>\n<meta property=\"article:published_time\" content=\"2018-02-07T10:21:00+00:00\" \/>\n<meta property=\"article:modified_time\" content=\"2025-03-05T03:16:00+00:00\" \/>\n<meta property=\"og:image\" content=\"https:\/\/aleare.com.ar\/blog\/wp-content\/uploads\/2018\/02\/el-poder-del-video-en-marketing-digital-el-blog-de-aleare-design.jpg\" \/>\n\t<meta property=\"og:image:width\" content=\"1400\" \/>\n\t<meta property=\"og:image:height\" content=\"640\" \/>\n\t<meta property=\"og:image:type\" content=\"image\/jpeg\" \/>\n<meta name=\"author\" content=\"Alejandra Arellano\" \/>\n<meta name=\"twitter:card\" content=\"summary_large_image\" \/>\n<meta name=\"twitter:creator\" content=\"@alearedesign\" \/>\n<meta name=\"twitter:site\" content=\"@alearedesign\" \/>\n<meta name=\"twitter:label1\" content=\"Escrito por\" \/>\n\t<meta name=\"twitter:data1\" content=\"Alejandra Arellano\" \/>\n\t<meta name=\"twitter:label2\" content=\"Tiempo de lectura\" \/>\n\t<meta name=\"twitter:data2\" content=\"1 minuto\" \/>\n<script type=\"application\/ld+json\" class=\"yoast-schema-graph\">{\"@context\":\"https:\\\/\\\/schema.org\",\"@graph\":[{\"@type\":\"Article\",\"@id\":\"https:\\\/\\\/aleare.com.ar\\\/blog\\\/el-poder-del-video-en-marketing-digital\\\/#article\",\"isPartOf\":{\"@id\":\"https:\\\/\\\/aleare.com.ar\\\/blog\\\/el-poder-del-video-en-marketing-digital\\\/\"},\"author\":{\"name\":\"Alejandra Arellano\",\"@id\":\"https:\\\/\\\/aleare.com.ar\\\/blog\\\/#\\\/schema\\\/person\\\/27a45eff37314009fd06aa7775650f0e\"},\"headline\":\"El poder del video en marketing digital\",\"datePublished\":\"2018-02-07T10:21:00+00:00\",\"dateModified\":\"2025-03-05T03:16:00+00:00\",\"mainEntityOfPage\":{\"@id\":\"https:\\\/\\\/aleare.com.ar\\\/blog\\\/el-poder-del-video-en-marketing-digital\\\/\"},\"wordCount\":44,\"commentCount\":0,\"publisher\":{\"@id\":\"https:\\\/\\\/aleare.com.ar\\\/blog\\\/#organization\"},\"image\":{\"@id\":\"https:\\\/\\\/aleare.com.ar\\\/blog\\\/el-poder-del-video-en-marketing-digital\\\/#primaryimage\"},\"thumbnailUrl\":\"https:\\\/\\\/aleare.com.ar\\\/blog\\\/wp-content\\\/uploads\\\/2018\\\/02\\\/el-poder-del-video-en-marketing-digital-el-blog-de-aleare-design.jpg\",\"keywords\":[\"Marketing\",\"Videos\"],\"articleSection\":[\"Infograf\u00edas\",\"Marketing\"],\"inLanguage\":\"es\",\"potentialAction\":[{\"@type\":\"CommentAction\",\"name\":\"Comment\",\"target\":[\"https:\\\/\\\/aleare.com.ar\\\/blog\\\/el-poder-del-video-en-marketing-digital\\\/#respond\"]}]},{\"@type\":\"WebPage\",\"@id\":\"https:\\\/\\\/aleare.com.ar\\\/blog\\\/el-poder-del-video-en-marketing-digital\\\/\",\"url\":\"https:\\\/\\\/aleare.com.ar\\\/blog\\\/el-poder-del-video-en-marketing-digital\\\/\",\"name\":\"El poder del video en marketing digital - El blog de Aleare Design\",\"isPartOf\":{\"@id\":\"https:\\\/\\\/aleare.com.ar\\\/blog\\\/#website\"},\"primaryImageOfPage\":{\"@id\":\"https:\\\/\\\/aleare.com.ar\\\/blog\\\/el-poder-del-video-en-marketing-digital\\\/#primaryimage\"},\"image\":{\"@id\":\"https:\\\/\\\/aleare.com.ar\\\/blog\\\/el-poder-del-video-en-marketing-digital\\\/#primaryimage\"},\"thumbnailUrl\":\"https:\\\/\\\/aleare.com.ar\\\/blog\\\/wp-content\\\/uploads\\\/2018\\\/02\\\/el-poder-del-video-en-marketing-digital-el-blog-de-aleare-design.jpg\",\"datePublished\":\"2018-02-07T10:21:00+00:00\",\"dateModified\":\"2025-03-05T03:16:00+00:00\",\"description\":\"Esta infograf\u00eda nos explica el poder del video en marketing digital y por qu\u00e9 deber\u00edamos incorporarlo a nuestra estrategia de contenidos.\",\"breadcrumb\":{\"@id\":\"https:\\\/\\\/aleare.com.ar\\\/blog\\\/el-poder-del-video-en-marketing-digital\\\/#breadcrumb\"},\"inLanguage\":\"es\",\"potentialAction\":[{\"@type\":\"ReadAction\",\"target\":[\"https:\\\/\\\/aleare.com.ar\\\/blog\\\/el-poder-del-video-en-marketing-digital\\\/\"]}]},{\"@type\":\"ImageObject\",\"inLanguage\":\"es\",\"@id\":\"https:\\\/\\\/aleare.com.ar\\\/blog\\\/el-poder-del-video-en-marketing-digital\\\/#primaryimage\",\"url\":\"https:\\\/\\\/aleare.com.ar\\\/blog\\\/wp-content\\\/uploads\\\/2018\\\/02\\\/el-poder-del-video-en-marketing-digital-el-blog-de-aleare-design.jpg\",\"contentUrl\":\"https:\\\/\\\/aleare.com.ar\\\/blog\\\/wp-content\\\/uploads\\\/2018\\\/02\\\/el-poder-del-video-en-marketing-digital-el-blog-de-aleare-design.jpg\",\"width\":1400,\"height\":640,\"caption\":\"El poder del video en marketing digital -- El blog de Aleare Design\"},{\"@type\":\"BreadcrumbList\",\"@id\":\"https:\\\/\\\/aleare.com.ar\\\/blog\\\/el-poder-del-video-en-marketing-digital\\\/#breadcrumb\",\"itemListElement\":[{\"@type\":\"ListItem\",\"position\":1,\"name\":\"Portada\",\"item\":\"https:\\\/\\\/aleare.com.ar\\\/blog\\\/\"},{\"@type\":\"ListItem\",\"position\":2,\"name\":\"El poder del video en marketing digital\"}]},{\"@type\":\"WebSite\",\"@id\":\"https:\\\/\\\/aleare.com.ar\\\/blog\\\/#website\",\"url\":\"https:\\\/\\\/aleare.com.ar\\\/blog\\\/\",\"name\":\"El Blog de Aleare Design\",\"description\":\"dise\u00f1o gr\u00e1fico | dise\u00f1o web | programaci\u00f3n | ecommerce | email marketing | redes sociales\",\"publisher\":{\"@id\":\"https:\\\/\\\/aleare.com.ar\\\/blog\\\/#organization\"},\"alternateName\":\"El Blog de Aleare Design\",\"potentialAction\":[{\"@type\":\"SearchAction\",\"target\":{\"@type\":\"EntryPoint\",\"urlTemplate\":\"https:\\\/\\\/aleare.com.ar\\\/blog\\\/?s={search_term_string}\"},\"query-input\":{\"@type\":\"PropertyValueSpecification\",\"valueRequired\":true,\"valueName\":\"search_term_string\"}}],\"inLanguage\":\"es\"},{\"@type\":\"Organization\",\"@id\":\"https:\\\/\\\/aleare.com.ar\\\/blog\\\/#organization\",\"name\":\"Aleare Design Estudio Creativo\",\"alternateName\":\"Aleare Design\",\"url\":\"https:\\\/\\\/aleare.com.ar\\\/blog\\\/\",\"logo\":{\"@type\":\"ImageObject\",\"inLanguage\":\"es\",\"@id\":\"https:\\\/\\\/aleare.com.ar\\\/blog\\\/#\\\/schema\\\/logo\\\/image\\\/\",\"url\":\"https:\\\/\\\/aleare.com.ar\\\/blog\\\/wp-content\\\/uploads\\\/2021\\\/06\\\/aleare-design-estudio-creativo.jpg\",\"contentUrl\":\"https:\\\/\\\/aleare.com.ar\\\/blog\\\/wp-content\\\/uploads\\\/2021\\\/06\\\/aleare-design-estudio-creativo.jpg\",\"width\":840,\"height\":600,\"caption\":\"Aleare Design Estudio Creativo\"},\"image\":{\"@id\":\"https:\\\/\\\/aleare.com.ar\\\/blog\\\/#\\\/schema\\\/logo\\\/image\\\/\"},\"sameAs\":[\"https:\\\/\\\/facebook.com\\\/aleare.design\",\"https:\\\/\\\/x.com\\\/alearedesign\",\"https:\\\/\\\/instagram.com\\\/aleare.design\"]},{\"@type\":\"Person\",\"@id\":\"https:\\\/\\\/aleare.com.ar\\\/blog\\\/#\\\/schema\\\/person\\\/27a45eff37314009fd06aa7775650f0e\",\"name\":\"Alejandra Arellano\",\"image\":{\"@type\":\"ImageObject\",\"inLanguage\":\"es\",\"@id\":\"https:\\\/\\\/secure.gravatar.com\\\/avatar\\\/d958e05f7413bcdb38a469ad3c97abaeaf779735a05792a6b3e3e41df4406516?s=96&d=wp_user_avatar&r=g\",\"url\":\"https:\\\/\\\/secure.gravatar.com\\\/avatar\\\/d958e05f7413bcdb38a469ad3c97abaeaf779735a05792a6b3e3e41df4406516?s=96&d=wp_user_avatar&r=g\",\"contentUrl\":\"https:\\\/\\\/secure.gravatar.com\\\/avatar\\\/d958e05f7413bcdb38a469ad3c97abaeaf779735a05792a6b3e3e41df4406516?s=96&d=wp_user_avatar&r=g\",\"caption\":\"Alejandra Arellano\"},\"description\":\"\u00a1Hola Mundo! Soy dise\u00f1adora gr\u00e1fica y web, programadora HTML\\\/CSS, ilustradora, community manager, curadora de contenidos, escritora, mentora. Fundadora y directora de Aleare Design Estudio Creativo y Comunicaci\u00f3n Digital.\",\"sameAs\":[\"https:\\\/\\\/aleare.com.ar\\\/\"],\"url\":\"https:\\\/\\\/aleare.com.ar\\\/blog\\\/author\\\/aleare\\\/\"}]}<\/script>\n<!-- \/ Yoast SEO plugin. -->","yoast_head_json":{"title":"El poder del video en marketing digital - El blog de Aleare Design","description":"Esta infograf\u00eda nos explica el poder del video en marketing digital y por qu\u00e9 deber\u00edamos incorporarlo a nuestra estrategia de contenidos.","robots":{"index":"index","follow":"follow","max-snippet":"max-snippet:-1","max-image-preview":"max-image-preview:large","max-video-preview":"max-video-preview:-1"},"canonical":"https:\/\/aleare.com.ar\/blog\/el-poder-del-video-en-marketing-digital\/","og_locale":"es_ES","og_type":"article","og_title":"El poder del video en marketing digital - El blog de Aleare Design","og_description":"Esta infograf\u00eda nos explica el poder del video en marketing digital y por qu\u00e9 deber\u00edamos incorporarlo a nuestra estrategia de contenidos.","og_url":"https:\/\/aleare.com.ar\/blog\/el-poder-del-video-en-marketing-digital\/","og_site_name":"El blog de Aleare Design","article_publisher":"https:\/\/facebook.com\/aleare.design","article_published_time":"2018-02-07T10:21:00+00:00","article_modified_time":"2025-03-05T03:16:00+00:00","og_image":[{"width":1400,"height":640,"url":"https:\/\/aleare.com.ar\/blog\/wp-content\/uploads\/2018\/02\/el-poder-del-video-en-marketing-digital-el-blog-de-aleare-design.jpg","type":"image\/jpeg"}],"author":"Alejandra Arellano","twitter_card":"summary_large_image","twitter_creator":"@alearedesign","twitter_site":"@alearedesign","twitter_misc":{"Escrito por":"Alejandra Arellano","Tiempo de lectura":"1 minuto"},"schema":{"@context":"https:\/\/schema.org","@graph":[{"@type":"Article","@id":"https:\/\/aleare.com.ar\/blog\/el-poder-del-video-en-marketing-digital\/#article","isPartOf":{"@id":"https:\/\/aleare.com.ar\/blog\/el-poder-del-video-en-marketing-digital\/"},"author":{"name":"Alejandra Arellano","@id":"https:\/\/aleare.com.ar\/blog\/#\/schema\/person\/27a45eff37314009fd06aa7775650f0e"},"headline":"El poder del video en marketing digital","datePublished":"2018-02-07T10:21:00+00:00","dateModified":"2025-03-05T03:16:00+00:00","mainEntityOfPage":{"@id":"https:\/\/aleare.com.ar\/blog\/el-poder-del-video-en-marketing-digital\/"},"wordCount":44,"commentCount":0,"publisher":{"@id":"https:\/\/aleare.com.ar\/blog\/#organization"},"image":{"@id":"https:\/\/aleare.com.ar\/blog\/el-poder-del-video-en-marketing-digital\/#primaryimage"},"thumbnailUrl":"https:\/\/aleare.com.ar\/blog\/wp-content\/uploads\/2018\/02\/el-poder-del-video-en-marketing-digital-el-blog-de-aleare-design.jpg","keywords":["Marketing","Videos"],"articleSection":["Infograf\u00edas","Marketing"],"inLanguage":"es","potentialAction":[{"@type":"CommentAction","name":"Comment","target":["https:\/\/aleare.com.ar\/blog\/el-poder-del-video-en-marketing-digital\/#respond"]}]},{"@type":"WebPage","@id":"https:\/\/aleare.com.ar\/blog\/el-poder-del-video-en-marketing-digital\/","url":"https:\/\/aleare.com.ar\/blog\/el-poder-del-video-en-marketing-digital\/","name":"El poder del video en marketing digital - El blog de Aleare Design","isPartOf":{"@id":"https:\/\/aleare.com.ar\/blog\/#website"},"primaryImageOfPage":{"@id":"https:\/\/aleare.com.ar\/blog\/el-poder-del-video-en-marketing-digital\/#primaryimage"},"image":{"@id":"https:\/\/aleare.com.ar\/blog\/el-poder-del-video-en-marketing-digital\/#primaryimage"},"thumbnailUrl":"https:\/\/aleare.com.ar\/blog\/wp-content\/uploads\/2018\/02\/el-poder-del-video-en-marketing-digital-el-blog-de-aleare-design.jpg","datePublished":"2018-02-07T10:21:00+00:00","dateModified":"2025-03-05T03:16:00+00:00","description":"Esta infograf\u00eda nos explica el poder del video en marketing digital y por qu\u00e9 deber\u00edamos incorporarlo a nuestra estrategia de contenidos.","breadcrumb":{"@id":"https:\/\/aleare.com.ar\/blog\/el-poder-del-video-en-marketing-digital\/#breadcrumb"},"inLanguage":"es","potentialAction":[{"@type":"ReadAction","target":["https:\/\/aleare.com.ar\/blog\/el-poder-del-video-en-marketing-digital\/"]}]},{"@type":"ImageObject","inLanguage":"es","@id":"https:\/\/aleare.com.ar\/blog\/el-poder-del-video-en-marketing-digital\/#primaryimage","url":"https:\/\/aleare.com.ar\/blog\/wp-content\/uploads\/2018\/02\/el-poder-del-video-en-marketing-digital-el-blog-de-aleare-design.jpg","contentUrl":"https:\/\/aleare.com.ar\/blog\/wp-content\/uploads\/2018\/02\/el-poder-del-video-en-marketing-digital-el-blog-de-aleare-design.jpg","width":1400,"height":640,"caption":"El poder del video en marketing digital -- El blog de Aleare Design"},{"@type":"BreadcrumbList","@id":"https:\/\/aleare.com.ar\/blog\/el-poder-del-video-en-marketing-digital\/#breadcrumb","itemListElement":[{"@type":"ListItem","position":1,"name":"Portada","item":"https:\/\/aleare.com.ar\/blog\/"},{"@type":"ListItem","position":2,"name":"El poder del video en marketing digital"}]},{"@type":"WebSite","@id":"https:\/\/aleare.com.ar\/blog\/#website","url":"https:\/\/aleare.com.ar\/blog\/","name":"El Blog de Aleare Design","description":"dise\u00f1o gr\u00e1fico | dise\u00f1o web | programaci\u00f3n | ecommerce | email marketing | redes sociales","publisher":{"@id":"https:\/\/aleare.com.ar\/blog\/#organization"},"alternateName":"El Blog de Aleare Design","potentialAction":[{"@type":"SearchAction","target":{"@type":"EntryPoint","urlTemplate":"https:\/\/aleare.com.ar\/blog\/?s={search_term_string}"},"query-input":{"@type":"PropertyValueSpecification","valueRequired":true,"valueName":"search_term_string"}}],"inLanguage":"es"},{"@type":"Organization","@id":"https:\/\/aleare.com.ar\/blog\/#organization","name":"Aleare Design Estudio Creativo","alternateName":"Aleare Design","url":"https:\/\/aleare.com.ar\/blog\/","logo":{"@type":"ImageObject","inLanguage":"es","@id":"https:\/\/aleare.com.ar\/blog\/#\/schema\/logo\/image\/","url":"https:\/\/aleare.com.ar\/blog\/wp-content\/uploads\/2021\/06\/aleare-design-estudio-creativo.jpg","contentUrl":"https:\/\/aleare.com.ar\/blog\/wp-content\/uploads\/2021\/06\/aleare-design-estudio-creativo.jpg","width":840,"height":600,"caption":"Aleare Design Estudio Creativo"},"image":{"@id":"https:\/\/aleare.com.ar\/blog\/#\/schema\/logo\/image\/"},"sameAs":["https:\/\/facebook.com\/aleare.design","https:\/\/x.com\/alearedesign","https:\/\/instagram.com\/aleare.design"]},{"@type":"Person","@id":"https:\/\/aleare.com.ar\/blog\/#\/schema\/person\/27a45eff37314009fd06aa7775650f0e","name":"Alejandra Arellano","image":{"@type":"ImageObject","inLanguage":"es","@id":"https:\/\/secure.gravatar.com\/avatar\/d958e05f7413bcdb38a469ad3c97abaeaf779735a05792a6b3e3e41df4406516?s=96&d=wp_user_avatar&r=g","url":"https:\/\/secure.gravatar.com\/avatar\/d958e05f7413bcdb38a469ad3c97abaeaf779735a05792a6b3e3e41df4406516?s=96&d=wp_user_avatar&r=g","contentUrl":"https:\/\/secure.gravatar.com\/avatar\/d958e05f7413bcdb38a469ad3c97abaeaf779735a05792a6b3e3e41df4406516?s=96&d=wp_user_avatar&r=g","caption":"Alejandra Arellano"},"description":"\u00a1Hola Mundo! Soy dise\u00f1adora gr\u00e1fica y web, programadora HTML\/CSS, ilustradora, community manager, curadora de contenidos, escritora, mentora. Fundadora y directora de Aleare Design Estudio Creativo y Comunicaci\u00f3n Digital.","sameAs":["https:\/\/aleare.com.ar\/"],"url":"https:\/\/aleare.com.ar\/blog\/author\/aleare\/"}]}},"amp_enabled":true,"_links":{"self":[{"href":"https:\/\/aleare.com.ar\/blog\/wp-json\/wp\/v2\/posts\/118","targetHints":{"allow":["GET"]}}],"collection":[{"href":"https:\/\/aleare.com.ar\/blog\/wp-json\/wp\/v2\/posts"}],"about":[{"href":"https:\/\/aleare.com.ar\/blog\/wp-json\/wp\/v2\/types\/post"}],"author":[{"embeddable":true,"href":"https:\/\/aleare.com.ar\/blog\/wp-json\/wp\/v2\/users\/3"}],"replies":[{"embeddable":true,"href":"https:\/\/aleare.com.ar\/blog\/wp-json\/wp\/v2\/comments?post=118"}],"version-history":[{"count":2,"href":"https:\/\/aleare.com.ar\/blog\/wp-json\/wp\/v2\/posts\/118\/revisions"}],"predecessor-version":[{"id":3452,"href":"https:\/\/aleare.com.ar\/blog\/wp-json\/wp\/v2\/posts\/118\/revisions\/3452"}],"wp:featuredmedia":[{"embeddable":true,"href":"https:\/\/aleare.com.ar\/blog\/wp-json\/wp\/v2\/media\/2287"}],"wp:attachment":[{"href":"https:\/\/aleare.com.ar\/blog\/wp-json\/wp\/v2\/media?parent=118"}],"wp:term":[{"taxonomy":"category","embeddable":true,"href":"https:\/\/aleare.com.ar\/blog\/wp-json\/wp\/v2\/categories?post=118"},{"taxonomy":"post_tag","embeddable":true,"href":"https:\/\/aleare.com.ar\/blog\/wp-json\/wp\/v2\/tags?post=118"}],"curies":[{"name":"wp","href":"https:\/\/api.w.org\/{rel}","templated":true}]}}