{"id":2104,"date":"2021-05-25T00:11:59","date_gmt":"2021-05-25T03:11:59","guid":{"rendered":"https:\/\/aleare.com.ar\/blog\/?p=2104"},"modified":"2021-06-20T16:51:40","modified_gmt":"2021-06-20T19:51:40","slug":"dia-del-orgullo-friki-geek","status":"publish","type":"post","link":"https:\/\/aleare.com.ar\/blog\/dia-del-orgullo-friki-geek\/","title":{"rendered":"D\u00eda del Orgullo Friki \/ Geek"},"content":{"rendered":"<div class='booster-block booster-read-block'><\/div><p>Pero c\u00f3mo, \u00bfexiste un d\u00eda en donde todos l@s frikis\/geeks celebran su devoci\u00f3n por las espadas l\u00e1ser, los viajes a las estrellas, los superh\u00e9roes y personajes de c\u00f3mic, manga, anim\u00e9 y\/o videojuegos? Pues s\u00ed. Tenemos un d\u00eda especial para sentirnos m\u00e1s orgullos@s, y se llama el <strong>D\u00eda del Orgullo Friki \/ Geek<\/strong>. Esta iniciativa empez\u00f3 un 25 de mayo&#8230; s\u00ed, el mismo d\u00eda que la fecha patria argentina. Y esta fecha no fue elegida al azar. Pero veamos, c\u00f3mo empez\u00f3 todo:<br \/>\n<span style=\"color: #ffffff;\">.<\/span><\/p>\n<h4>\u00c9rase una vez, en una lejana galaxia<\/h4>\n<p>Seg\u00fan se cuenta en la p\u00e1gina oficial del <strong>Orgullo Friki<\/strong> (<a href=\"http:\/\/www.orgullofriki.com\/\" target=\"_blank\" rel=\"noopener\">www.orgullofriki.com<\/a>) \u00abTodo comenz\u00f3 en 2006, cuando un grupo de foreros, dentro de un hilo de UniversoMarvel, nos pisimos a discutir sobre la idoneidad de buscar un nombre a los fans que nos gustaban m\u00e1s o menos las mismas cosas, dentro de la denominada &#8216;subcultura popular&#8217; (ciencia ficci\u00f3n, fantas\u00eda, comics, manga&#8230;), porque no hab\u00eda nada que nos definiera como grupo. [&#8230;] El objetivo principal fue el de tener un d\u00eda donde los frikis nos acer\u00e1ramos a las librer\u00edas especializadas y tuvi\u00e9ramos un descuento parecido al del D\u00eda del Libro, pero en nuestras tiendas. [&#8230;] Para expandir la noticia, se hizo un intercambio de enlaces entre nuestra nueva web y foros, blogs y otras webs amigas que ayudaron a extender la noticia. [&#8230;] Se nos ocurri\u00f3 convocar a la gente en Callao, en Madrid, para la tarde del 25 de Mayo\u00bb.<\/p>\n<p>Stop. \u00bfPor qu\u00e9 el 25 de mayo? Porque ese d\u00eda, pero en el a\u00f1o 1977, se estren\u00f3 en el cine la primera pel\u00edcula de la saga Star Wars, llamada \u00abA new hope\u00bb (Una nueva esperanza). Por eso fue el d\u00eda elegido para que un grupo de fans se convocaran en Callao, Madrid, a mostrar su devoci\u00f3n. Con los a\u00f1os, otras ciudades tomaron la iniciativa de reunirse ese mismo d\u00eda. A pesar de que algunas empresas intentaron adjudicarse la celebraci\u00f3n, fue en el 2014 que se realiz\u00f3 el primer evento oficial del Orgullo Friki en Madrid, llamado FrikiMAD.<\/p>\n<p>Sin embargo, Wikipedia nos cuenta que en USA, un tal Tim McEachern ya ven\u00eda organizando eventos en Nueva York, desde 1998 hasta el 2000, llamados Festival del Orgullo Geek y\/o D\u00eda del Orgullo Geek. Se cree que este fue uno de los antecedentes para la creaci\u00f3n de esta memorable fecha.<br \/>\n<span style=\"color: #ffffff;\">.<\/span><\/p><div class=\"alear-contenido_2 alear-entity-placement\" id=\"alear-3847821152\"><div id=\"alear-101207287\" style=\"margin-top: 15px;margin-bottom: 15px;\"><a href='https:\/\/collaborator.es?ref=x44a3s' title='\u0421ollaborator' target='_blank'><img src='https:\/\/collaborator.pro\/images\/referral\/promo\/es\/2.png' width='728' height='90' alt='\u0421ollaborator'\/><\/a><\/div><\/div>\n<h4>Que la fuerza te acompa\u00f1e<\/h4>\n<p>No debe confundirse el <strong>D\u00eda del Orgullo Friki \/ Geek<\/strong> con el <strong>D\u00eda de Star Wars<\/strong>, que se celebra cada 4 de mayo. \u00bfY por qu\u00e9 justo esa fecha? Por una publicaci\u00f3n de ese mismo d\u00eda, pero en el a\u00f1o 1979. El diario brit\u00e1nico <em>London Evening News<\/em> public\u00f3 una nota en la que los miembros del Partido Conservador felicitaban a Margaret Thatcher por su puesto de primera Ministra <em>\u00abMay the 4th Be With You, Maggie. Congratulations\u00bb<\/em>. Este particular juego de palabras, en ingl\u00e9s, sonaba a \u00abQue la Fuerza te acompa\u00f1e\u00bb\u200b (\u00abMay the Force be with you\u00bb). Muy ingenioso, \u00bfno?<br \/>\n<span style=\"color: #ffffff;\">.<\/span><\/p>\n<h4>\u00bfY qu\u00e9 significa friki?<\/h4>\n<p>Bien, dejamos lo importante para el final. La RAE nos lo cuenta en este tuit:<\/p>\n<blockquote class=\"twitter-tweet\">\n<p dir=\"ltr\" lang=\"es\"><a href=\"https:\/\/twitter.com\/hashtag\/D%C3%ADadelOrgulloFriki?src=hash&amp;ref_src=twsrc%5Etfw\">#D\u00edadelOrgulloFriki<\/a> | El \u00abDLE\u00bb recoge \u00abfriki\u00bb desde su 23.\u00aa edici\u00f3n (2014) con tres acepciones:<\/p>\n<p>1. adj. coloq. Extravagante, raro o exc\u00e9ntrico.<br \/>\n2. m. y f. coloq. Persona pintoresca y extravagante.<br \/>\n3. m. y f. coloq. Persona que practica desmesurada y obsesivamente una afici\u00f3n. <a href=\"https:\/\/t.co\/vfw0AwmJD2\">pic.twitter.com\/vfw0AwmJD2<\/a><\/p>\n<p>\u2014 RAE (@RAEinforma) <a href=\"https:\/\/twitter.com\/RAEinforma\/status\/1264828744881057792?ref_src=twsrc%5Etfw\">May 25, 2020<\/a><\/p><\/blockquote>\n<p><script async src=\"https:\/\/platform.twitter.com\/widgets.js\" charset=\"utf-8\"><\/script><\/p>\n<p>Lo cierto, es que deriva del ingl\u00e9s \u00abfreak\u00bb, que significa literalmente lo mismo. Aunque muchos digan que est\u00e1 mal y \u00abse debe decir\u00bb freaky, o friqui, lo cierto es que a los verdader@s frikis mucho no nos importa c\u00f3mo se escriba.<\/p>\n<p>Porque ser friki &amp; geek es m\u00e1s que un orgullo,<em><strong>\u00a0es un sentimiento.<\/strong><\/em> \u2764\ufe0f<\/p>\n<p><span style=\"color: #ffffff;\">.<\/span><\/p>\n<p><a href=\"http:\/\/www.boosterblog.es\" target=\"_blank\" rel=\"noopener\"><img loading=\"lazy\" decoding=\"async\" class=\"alignnone wp-image-2123\" src=\"https:\/\/aleare.com.ar\/blog\/wp-content\/uploads\/2021\/05\/boosterblog-es-logo.gif\" alt=\"Boosterblog\" width=\"72\" height=\"29\" \/><\/a><\/p>\n<div class=\"alear-despues-del-contenido-2 alear-entity-placement\" id=\"alear-3874393476\"><div id=\"alear-1427677433\" style=\"margin-top: 15px;margin-bottom: 15px;\"><a href='https:\/\/collaborator.es?ref=x44a3s' title='\u0421ollaborator' target='_blank'><img src='https:\/\/collaborator.pro\/images\/referral\/promo\/es\/2.png' width='728' height='90' alt='\u0421ollaborator'\/><\/a><\/div><\/div><div id=\"alear-412205701\" class=\"alear-despues-del-contenido alear-entity-placement\" style=\"margin-top: 30px;margin-bottom: 30px;\"><script async src=\"\/\/pagead2.googlesyndication.com\/pagead\/js\/adsbygoogle.js?client=ca-pub-5464693981010234\" crossorigin=\"anonymous\"><\/script><ins class=\"adsbygoogle\" style=\"display:block;\" data-ad-client=\"ca-pub-5464693981010234\" \ndata-ad-slot=\"2927777050\" \ndata-ad-format=\"auto\" data-full-width-responsive=\"true\"><\/ins>\n<script> \n(adsbygoogle = window.adsbygoogle || []).push({}); \n<\/script>\n<\/div>","protected":false},"excerpt":{"rendered":"<p>Pero c\u00f3mo, \u00bfexiste un d\u00eda en donde todos l@s frikis\/geeks celebran su devoci\u00f3n por las espadas l\u00e1ser, los viajes a las estrellas, los superh\u00e9roes y personajes de c\u00f3mic, manga, anim\u00e9 y\/o videojuegos? Pues s\u00ed. Tenemos un d\u00eda especial para sentirnos m\u00e1s orgullos@s, y se llama el D\u00eda del Orgullo Friki \/ Geek. Esta iniciativa empez\u00f3 [&hellip;]<\/p>\n","protected":false},"author":3,"featured_media":2106,"comment_status":"open","ping_status":"closed","sticky":false,"template":"","format":"standard","meta":{"footnotes":""},"categories":[48,14],"tags":[291],"class_list":["post-2104","post","type-post","status-publish","format-standard","has-post-thumbnail","hentry","category-curiosidades","category-eventos","tag-fechas"],"yoast_head":"<!-- This site is optimized with the Yoast SEO plugin v27.5 - https:\/\/yoast.com\/product\/yoast-seo-wordpress\/ -->\n<title>D\u00eda del Orgullo Friki \/ Geek - El blog de Aleare Design<\/title>\n<meta name=\"description\" content=\"\u00bfExiste un d\u00eda en donde todos l@s frikis \/ geeks celebran su devoci\u00f3n por los personajes de c\u00f3mic, ciencia ficci\u00f3n y\/o videojuegos? Pues, s\u00ed.\" \/>\n<meta name=\"robots\" content=\"index, follow, max-snippet:-1, max-image-preview:large, max-video-preview:-1\" \/>\n<link rel=\"canonical\" href=\"https:\/\/aleare.com.ar\/blog\/dia-del-orgullo-friki-geek\/\" \/>\n<meta property=\"og:locale\" content=\"es_ES\" \/>\n<meta property=\"og:type\" content=\"article\" \/>\n<meta property=\"og:title\" content=\"D\u00eda del Orgullo Friki \/ Geek - El blog de Aleare Design\" \/>\n<meta property=\"og:description\" content=\"\u00bfExiste un d\u00eda en donde todos l@s frikis \/ geeks celebran su devoci\u00f3n por los personajes de c\u00f3mic, ciencia ficci\u00f3n y\/o videojuegos? Pues, s\u00ed.\" \/>\n<meta property=\"og:url\" content=\"https:\/\/aleare.com.ar\/blog\/dia-del-orgullo-friki-geek\/\" \/>\n<meta property=\"og:site_name\" content=\"El blog de Aleare Design\" \/>\n<meta property=\"article:publisher\" content=\"https:\/\/facebook.com\/aleare.design\" \/>\n<meta property=\"article:published_time\" content=\"2021-05-25T03:11:59+00:00\" \/>\n<meta property=\"article:modified_time\" content=\"2021-06-20T19:51:40+00:00\" \/>\n<meta property=\"og:image\" content=\"https:\/\/aleare.com.ar\/blog\/wp-content\/uploads\/2021\/05\/dia-del-orgullo-friki-geek-blog-aleare.design.jpg\" \/>\n\t<meta property=\"og:image:width\" content=\"1200\" \/>\n\t<meta property=\"og:image:height\" content=\"600\" \/>\n\t<meta property=\"og:image:type\" content=\"image\/jpeg\" \/>\n<meta name=\"author\" content=\"Alejandra Arellano\" \/>\n<meta name=\"twitter:card\" content=\"summary_large_image\" \/>\n<meta name=\"twitter:creator\" content=\"@alearedesign\" \/>\n<meta name=\"twitter:site\" content=\"@alearedesign\" \/>\n<meta name=\"twitter:label1\" content=\"Escrito por\" \/>\n\t<meta name=\"twitter:data1\" content=\"Alejandra Arellano\" \/>\n\t<meta name=\"twitter:label2\" content=\"Tiempo de lectura\" \/>\n\t<meta name=\"twitter:data2\" content=\"3 minutos\" \/>\n<script type=\"application\/ld+json\" class=\"yoast-schema-graph\">{\"@context\":\"https:\\\/\\\/schema.org\",\"@graph\":[{\"@type\":\"Article\",\"@id\":\"https:\\\/\\\/aleare.com.ar\\\/blog\\\/dia-del-orgullo-friki-geek\\\/#article\",\"isPartOf\":{\"@id\":\"https:\\\/\\\/aleare.com.ar\\\/blog\\\/dia-del-orgullo-friki-geek\\\/\"},\"author\":{\"name\":\"Alejandra Arellano\",\"@id\":\"https:\\\/\\\/aleare.com.ar\\\/blog\\\/#\\\/schema\\\/person\\\/27a45eff37314009fd06aa7775650f0e\"},\"headline\":\"D\u00eda del Orgullo Friki \\\/ Geek\",\"datePublished\":\"2021-05-25T03:11:59+00:00\",\"dateModified\":\"2021-06-20T19:51:40+00:00\",\"mainEntityOfPage\":{\"@id\":\"https:\\\/\\\/aleare.com.ar\\\/blog\\\/dia-del-orgullo-friki-geek\\\/\"},\"wordCount\":654,\"commentCount\":0,\"publisher\":{\"@id\":\"https:\\\/\\\/aleare.com.ar\\\/blog\\\/#organization\"},\"image\":{\"@id\":\"https:\\\/\\\/aleare.com.ar\\\/blog\\\/dia-del-orgullo-friki-geek\\\/#primaryimage\"},\"thumbnailUrl\":\"https:\\\/\\\/aleare.com.ar\\\/blog\\\/wp-content\\\/uploads\\\/2021\\\/05\\\/dia-del-orgullo-friki-geek-blog-aleare.design.jpg\",\"keywords\":[\"Fechas\"],\"articleSection\":[\"Curiosidades\",\"Eventos\"],\"inLanguage\":\"es\",\"potentialAction\":[{\"@type\":\"CommentAction\",\"name\":\"Comment\",\"target\":[\"https:\\\/\\\/aleare.com.ar\\\/blog\\\/dia-del-orgullo-friki-geek\\\/#respond\"]}]},{\"@type\":\"WebPage\",\"@id\":\"https:\\\/\\\/aleare.com.ar\\\/blog\\\/dia-del-orgullo-friki-geek\\\/\",\"url\":\"https:\\\/\\\/aleare.com.ar\\\/blog\\\/dia-del-orgullo-friki-geek\\\/\",\"name\":\"D\u00eda del Orgullo Friki \\\/ Geek - El blog de Aleare Design\",\"isPartOf\":{\"@id\":\"https:\\\/\\\/aleare.com.ar\\\/blog\\\/#website\"},\"primaryImageOfPage\":{\"@id\":\"https:\\\/\\\/aleare.com.ar\\\/blog\\\/dia-del-orgullo-friki-geek\\\/#primaryimage\"},\"image\":{\"@id\":\"https:\\\/\\\/aleare.com.ar\\\/blog\\\/dia-del-orgullo-friki-geek\\\/#primaryimage\"},\"thumbnailUrl\":\"https:\\\/\\\/aleare.com.ar\\\/blog\\\/wp-content\\\/uploads\\\/2021\\\/05\\\/dia-del-orgullo-friki-geek-blog-aleare.design.jpg\",\"datePublished\":\"2021-05-25T03:11:59+00:00\",\"dateModified\":\"2021-06-20T19:51:40+00:00\",\"description\":\"\u00bfExiste un d\u00eda en donde todos l@s frikis \\\/ geeks celebran su devoci\u00f3n por los personajes de c\u00f3mic, ciencia ficci\u00f3n y\\\/o videojuegos? Pues, s\u00ed.\",\"breadcrumb\":{\"@id\":\"https:\\\/\\\/aleare.com.ar\\\/blog\\\/dia-del-orgullo-friki-geek\\\/#breadcrumb\"},\"inLanguage\":\"es\",\"potentialAction\":[{\"@type\":\"ReadAction\",\"target\":[\"https:\\\/\\\/aleare.com.ar\\\/blog\\\/dia-del-orgullo-friki-geek\\\/\"]}]},{\"@type\":\"ImageObject\",\"inLanguage\":\"es\",\"@id\":\"https:\\\/\\\/aleare.com.ar\\\/blog\\\/dia-del-orgullo-friki-geek\\\/#primaryimage\",\"url\":\"https:\\\/\\\/aleare.com.ar\\\/blog\\\/wp-content\\\/uploads\\\/2021\\\/05\\\/dia-del-orgullo-friki-geek-blog-aleare.design.jpg\",\"contentUrl\":\"https:\\\/\\\/aleare.com.ar\\\/blog\\\/wp-content\\\/uploads\\\/2021\\\/05\\\/dia-del-orgullo-friki-geek-blog-aleare.design.jpg\",\"width\":1200,\"height\":600,\"caption\":\"25 de mayo - D\u00eda del Orgullo Friki & Geek -- El blog de aleare.design\"},{\"@type\":\"BreadcrumbList\",\"@id\":\"https:\\\/\\\/aleare.com.ar\\\/blog\\\/dia-del-orgullo-friki-geek\\\/#breadcrumb\",\"itemListElement\":[{\"@type\":\"ListItem\",\"position\":1,\"name\":\"Portada\",\"item\":\"https:\\\/\\\/aleare.com.ar\\\/blog\\\/\"},{\"@type\":\"ListItem\",\"position\":2,\"name\":\"D\u00eda del Orgullo Friki \\\/ Geek\"}]},{\"@type\":\"WebSite\",\"@id\":\"https:\\\/\\\/aleare.com.ar\\\/blog\\\/#website\",\"url\":\"https:\\\/\\\/aleare.com.ar\\\/blog\\\/\",\"name\":\"El Blog de Aleare Design\",\"description\":\"dise\u00f1o gr\u00e1fico | dise\u00f1o web | programaci\u00f3n | ecommerce | email marketing | redes sociales\",\"publisher\":{\"@id\":\"https:\\\/\\\/aleare.com.ar\\\/blog\\\/#organization\"},\"alternateName\":\"El Blog de Aleare Design\",\"potentialAction\":[{\"@type\":\"SearchAction\",\"target\":{\"@type\":\"EntryPoint\",\"urlTemplate\":\"https:\\\/\\\/aleare.com.ar\\\/blog\\\/?s={search_term_string}\"},\"query-input\":{\"@type\":\"PropertyValueSpecification\",\"valueRequired\":true,\"valueName\":\"search_term_string\"}}],\"inLanguage\":\"es\"},{\"@type\":\"Organization\",\"@id\":\"https:\\\/\\\/aleare.com.ar\\\/blog\\\/#organization\",\"name\":\"Aleare Design Estudio Creativo\",\"alternateName\":\"Aleare Design\",\"url\":\"https:\\\/\\\/aleare.com.ar\\\/blog\\\/\",\"logo\":{\"@type\":\"ImageObject\",\"inLanguage\":\"es\",\"@id\":\"https:\\\/\\\/aleare.com.ar\\\/blog\\\/#\\\/schema\\\/logo\\\/image\\\/\",\"url\":\"https:\\\/\\\/aleare.com.ar\\\/blog\\\/wp-content\\\/uploads\\\/2021\\\/06\\\/aleare-design-estudio-creativo.jpg\",\"contentUrl\":\"https:\\\/\\\/aleare.com.ar\\\/blog\\\/wp-content\\\/uploads\\\/2021\\\/06\\\/aleare-design-estudio-creativo.jpg\",\"width\":840,\"height\":600,\"caption\":\"Aleare Design Estudio Creativo\"},\"image\":{\"@id\":\"https:\\\/\\\/aleare.com.ar\\\/blog\\\/#\\\/schema\\\/logo\\\/image\\\/\"},\"sameAs\":[\"https:\\\/\\\/facebook.com\\\/aleare.design\",\"https:\\\/\\\/x.com\\\/alearedesign\",\"https:\\\/\\\/instagram.com\\\/aleare.design\"]},{\"@type\":\"Person\",\"@id\":\"https:\\\/\\\/aleare.com.ar\\\/blog\\\/#\\\/schema\\\/person\\\/27a45eff37314009fd06aa7775650f0e\",\"name\":\"Alejandra Arellano\",\"image\":{\"@type\":\"ImageObject\",\"inLanguage\":\"es\",\"@id\":\"https:\\\/\\\/secure.gravatar.com\\\/avatar\\\/d958e05f7413bcdb38a469ad3c97abaeaf779735a05792a6b3e3e41df4406516?s=96&d=wp_user_avatar&r=g\",\"url\":\"https:\\\/\\\/secure.gravatar.com\\\/avatar\\\/d958e05f7413bcdb38a469ad3c97abaeaf779735a05792a6b3e3e41df4406516?s=96&d=wp_user_avatar&r=g\",\"contentUrl\":\"https:\\\/\\\/secure.gravatar.com\\\/avatar\\\/d958e05f7413bcdb38a469ad3c97abaeaf779735a05792a6b3e3e41df4406516?s=96&d=wp_user_avatar&r=g\",\"caption\":\"Alejandra Arellano\"},\"description\":\"\u00a1Hola Mundo! Soy dise\u00f1adora gr\u00e1fica y web, programadora HTML\\\/CSS, ilustradora, community manager, curadora de contenidos, escritora, mentora. Fundadora y directora de Aleare Design Estudio Creativo y Comunicaci\u00f3n Digital.\",\"sameAs\":[\"https:\\\/\\\/aleare.com.ar\\\/\"],\"url\":\"https:\\\/\\\/aleare.com.ar\\\/blog\\\/author\\\/aleare\\\/\"}]}<\/script>\n<!-- \/ Yoast SEO plugin. -->","yoast_head_json":{"title":"D\u00eda del Orgullo Friki \/ Geek - El blog de Aleare Design","description":"\u00bfExiste un d\u00eda en donde todos l@s frikis \/ geeks celebran su devoci\u00f3n por los personajes de c\u00f3mic, ciencia ficci\u00f3n y\/o videojuegos? Pues, s\u00ed.","robots":{"index":"index","follow":"follow","max-snippet":"max-snippet:-1","max-image-preview":"max-image-preview:large","max-video-preview":"max-video-preview:-1"},"canonical":"https:\/\/aleare.com.ar\/blog\/dia-del-orgullo-friki-geek\/","og_locale":"es_ES","og_type":"article","og_title":"D\u00eda del Orgullo Friki \/ Geek - El blog de Aleare Design","og_description":"\u00bfExiste un d\u00eda en donde todos l@s frikis \/ geeks celebran su devoci\u00f3n por los personajes de c\u00f3mic, ciencia ficci\u00f3n y\/o videojuegos? Pues, s\u00ed.","og_url":"https:\/\/aleare.com.ar\/blog\/dia-del-orgullo-friki-geek\/","og_site_name":"El blog de Aleare Design","article_publisher":"https:\/\/facebook.com\/aleare.design","article_published_time":"2021-05-25T03:11:59+00:00","article_modified_time":"2021-06-20T19:51:40+00:00","og_image":[{"width":1200,"height":600,"url":"https:\/\/aleare.com.ar\/blog\/wp-content\/uploads\/2021\/05\/dia-del-orgullo-friki-geek-blog-aleare.design.jpg","type":"image\/jpeg"}],"author":"Alejandra Arellano","twitter_card":"summary_large_image","twitter_creator":"@alearedesign","twitter_site":"@alearedesign","twitter_misc":{"Escrito por":"Alejandra Arellano","Tiempo de lectura":"3 minutos"},"schema":{"@context":"https:\/\/schema.org","@graph":[{"@type":"Article","@id":"https:\/\/aleare.com.ar\/blog\/dia-del-orgullo-friki-geek\/#article","isPartOf":{"@id":"https:\/\/aleare.com.ar\/blog\/dia-del-orgullo-friki-geek\/"},"author":{"name":"Alejandra Arellano","@id":"https:\/\/aleare.com.ar\/blog\/#\/schema\/person\/27a45eff37314009fd06aa7775650f0e"},"headline":"D\u00eda del Orgullo Friki \/ Geek","datePublished":"2021-05-25T03:11:59+00:00","dateModified":"2021-06-20T19:51:40+00:00","mainEntityOfPage":{"@id":"https:\/\/aleare.com.ar\/blog\/dia-del-orgullo-friki-geek\/"},"wordCount":654,"commentCount":0,"publisher":{"@id":"https:\/\/aleare.com.ar\/blog\/#organization"},"image":{"@id":"https:\/\/aleare.com.ar\/blog\/dia-del-orgullo-friki-geek\/#primaryimage"},"thumbnailUrl":"https:\/\/aleare.com.ar\/blog\/wp-content\/uploads\/2021\/05\/dia-del-orgullo-friki-geek-blog-aleare.design.jpg","keywords":["Fechas"],"articleSection":["Curiosidades","Eventos"],"inLanguage":"es","potentialAction":[{"@type":"CommentAction","name":"Comment","target":["https:\/\/aleare.com.ar\/blog\/dia-del-orgullo-friki-geek\/#respond"]}]},{"@type":"WebPage","@id":"https:\/\/aleare.com.ar\/blog\/dia-del-orgullo-friki-geek\/","url":"https:\/\/aleare.com.ar\/blog\/dia-del-orgullo-friki-geek\/","name":"D\u00eda del Orgullo Friki \/ Geek - El blog de Aleare Design","isPartOf":{"@id":"https:\/\/aleare.com.ar\/blog\/#website"},"primaryImageOfPage":{"@id":"https:\/\/aleare.com.ar\/blog\/dia-del-orgullo-friki-geek\/#primaryimage"},"image":{"@id":"https:\/\/aleare.com.ar\/blog\/dia-del-orgullo-friki-geek\/#primaryimage"},"thumbnailUrl":"https:\/\/aleare.com.ar\/blog\/wp-content\/uploads\/2021\/05\/dia-del-orgullo-friki-geek-blog-aleare.design.jpg","datePublished":"2021-05-25T03:11:59+00:00","dateModified":"2021-06-20T19:51:40+00:00","description":"\u00bfExiste un d\u00eda en donde todos l@s frikis \/ geeks celebran su devoci\u00f3n por los personajes de c\u00f3mic, ciencia ficci\u00f3n y\/o videojuegos? Pues, s\u00ed.","breadcrumb":{"@id":"https:\/\/aleare.com.ar\/blog\/dia-del-orgullo-friki-geek\/#breadcrumb"},"inLanguage":"es","potentialAction":[{"@type":"ReadAction","target":["https:\/\/aleare.com.ar\/blog\/dia-del-orgullo-friki-geek\/"]}]},{"@type":"ImageObject","inLanguage":"es","@id":"https:\/\/aleare.com.ar\/blog\/dia-del-orgullo-friki-geek\/#primaryimage","url":"https:\/\/aleare.com.ar\/blog\/wp-content\/uploads\/2021\/05\/dia-del-orgullo-friki-geek-blog-aleare.design.jpg","contentUrl":"https:\/\/aleare.com.ar\/blog\/wp-content\/uploads\/2021\/05\/dia-del-orgullo-friki-geek-blog-aleare.design.jpg","width":1200,"height":600,"caption":"25 de mayo - D\u00eda del Orgullo Friki & Geek -- El blog de aleare.design"},{"@type":"BreadcrumbList","@id":"https:\/\/aleare.com.ar\/blog\/dia-del-orgullo-friki-geek\/#breadcrumb","itemListElement":[{"@type":"ListItem","position":1,"name":"Portada","item":"https:\/\/aleare.com.ar\/blog\/"},{"@type":"ListItem","position":2,"name":"D\u00eda del Orgullo Friki \/ Geek"}]},{"@type":"WebSite","@id":"https:\/\/aleare.com.ar\/blog\/#website","url":"https:\/\/aleare.com.ar\/blog\/","name":"El Blog de Aleare Design","description":"dise\u00f1o gr\u00e1fico | dise\u00f1o web | programaci\u00f3n | ecommerce | email marketing | redes sociales","publisher":{"@id":"https:\/\/aleare.com.ar\/blog\/#organization"},"alternateName":"El Blog de Aleare Design","potentialAction":[{"@type":"SearchAction","target":{"@type":"EntryPoint","urlTemplate":"https:\/\/aleare.com.ar\/blog\/?s={search_term_string}"},"query-input":{"@type":"PropertyValueSpecification","valueRequired":true,"valueName":"search_term_string"}}],"inLanguage":"es"},{"@type":"Organization","@id":"https:\/\/aleare.com.ar\/blog\/#organization","name":"Aleare Design Estudio Creativo","alternateName":"Aleare Design","url":"https:\/\/aleare.com.ar\/blog\/","logo":{"@type":"ImageObject","inLanguage":"es","@id":"https:\/\/aleare.com.ar\/blog\/#\/schema\/logo\/image\/","url":"https:\/\/aleare.com.ar\/blog\/wp-content\/uploads\/2021\/06\/aleare-design-estudio-creativo.jpg","contentUrl":"https:\/\/aleare.com.ar\/blog\/wp-content\/uploads\/2021\/06\/aleare-design-estudio-creativo.jpg","width":840,"height":600,"caption":"Aleare Design Estudio Creativo"},"image":{"@id":"https:\/\/aleare.com.ar\/blog\/#\/schema\/logo\/image\/"},"sameAs":["https:\/\/facebook.com\/aleare.design","https:\/\/x.com\/alearedesign","https:\/\/instagram.com\/aleare.design"]},{"@type":"Person","@id":"https:\/\/aleare.com.ar\/blog\/#\/schema\/person\/27a45eff37314009fd06aa7775650f0e","name":"Alejandra Arellano","image":{"@type":"ImageObject","inLanguage":"es","@id":"https:\/\/secure.gravatar.com\/avatar\/d958e05f7413bcdb38a469ad3c97abaeaf779735a05792a6b3e3e41df4406516?s=96&d=wp_user_avatar&r=g","url":"https:\/\/secure.gravatar.com\/avatar\/d958e05f7413bcdb38a469ad3c97abaeaf779735a05792a6b3e3e41df4406516?s=96&d=wp_user_avatar&r=g","contentUrl":"https:\/\/secure.gravatar.com\/avatar\/d958e05f7413bcdb38a469ad3c97abaeaf779735a05792a6b3e3e41df4406516?s=96&d=wp_user_avatar&r=g","caption":"Alejandra Arellano"},"description":"\u00a1Hola Mundo! Soy dise\u00f1adora gr\u00e1fica y web, programadora HTML\/CSS, ilustradora, community manager, curadora de contenidos, escritora, mentora. Fundadora y directora de Aleare Design Estudio Creativo y Comunicaci\u00f3n Digital.","sameAs":["https:\/\/aleare.com.ar\/"],"url":"https:\/\/aleare.com.ar\/blog\/author\/aleare\/"}]}},"amp_enabled":true,"_links":{"self":[{"href":"https:\/\/aleare.com.ar\/blog\/wp-json\/wp\/v2\/posts\/2104","targetHints":{"allow":["GET"]}}],"collection":[{"href":"https:\/\/aleare.com.ar\/blog\/wp-json\/wp\/v2\/posts"}],"about":[{"href":"https:\/\/aleare.com.ar\/blog\/wp-json\/wp\/v2\/types\/post"}],"author":[{"embeddable":true,"href":"https:\/\/aleare.com.ar\/blog\/wp-json\/wp\/v2\/users\/3"}],"replies":[{"embeddable":true,"href":"https:\/\/aleare.com.ar\/blog\/wp-json\/wp\/v2\/comments?post=2104"}],"version-history":[{"count":0,"href":"https:\/\/aleare.com.ar\/blog\/wp-json\/wp\/v2\/posts\/2104\/revisions"}],"wp:featuredmedia":[{"embeddable":true,"href":"https:\/\/aleare.com.ar\/blog\/wp-json\/wp\/v2\/media\/2106"}],"wp:attachment":[{"href":"https:\/\/aleare.com.ar\/blog\/wp-json\/wp\/v2\/media?parent=2104"}],"wp:term":[{"taxonomy":"category","embeddable":true,"href":"https:\/\/aleare.com.ar\/blog\/wp-json\/wp\/v2\/categories?post=2104"},{"taxonomy":"post_tag","embeddable":true,"href":"https:\/\/aleare.com.ar\/blog\/wp-json\/wp\/v2\/tags?post=2104"}],"curies":[{"name":"wp","href":"https:\/\/api.w.org\/{rel}","templated":true}]}}