{"id":97,"date":"2019-09-27T08:11:00","date_gmt":"2019-09-27T11:11:00","guid":{"rendered":""},"modified":"2023-07-12T10:43:45","modified_gmt":"2023-07-12T13:43:45","slug":"las-mejores-horas-para-publicar-en-instagram","status":"publish","type":"post","link":"https:\/\/aleare.com.ar\/blog\/las-mejores-horas-para-publicar-en-instagram\/","title":{"rendered":"Las mejores horas para publicar en Instagram"},"content":{"rendered":"<div class='booster-block booster-read-block'><\/div><p>\u00bfCu\u00e1les son las mejores horas para publicar en Instagram y conseguir un mayor n\u00famero de #Likes para nuestros posts? Esta infograf\u00eda de <a href=\"https:\/\/www.cyberclick.es\/\" target=\"_blank\" rel=\"noopener noreferrer\">@Cyberclick<\/a> te las muestra:<\/p>\n<p><a href=\"https:\/\/aleare.com.ar\/blog\/wp-content\/uploads\/2019\/09\/horas-hot-para-publicar-en-Instagram.jpg\"><img loading=\"lazy\" decoding=\"async\" class=\"aligncenter wp-image-1258 size-full\" src=\"https:\/\/aleare.com.ar\/blog\/wp-content\/uploads\/2019\/09\/horas-hot-para-publicar-en-Instagram.jpg\" alt=\"Horas #hot para publicar en #Instagram \/\/\/ El blog de aleare.design\" width=\"618\" height=\"772\" srcset=\"https:\/\/aleare.com.ar\/blog\/wp-content\/uploads\/2019\/09\/horas-hot-para-publicar-en-Instagram.jpg 618w, https:\/\/aleare.com.ar\/blog\/wp-content\/uploads\/2019\/09\/horas-hot-para-publicar-en-Instagram-240x300.jpg 240w\" sizes=\"auto, (max-width: 618px) 100vw, 618px\" \/><\/a><br \/>\nAdem\u00e1s, seg\u00fan un estudio realizado por <a href=\"https:\/\/latergramme.uptodown.com\/android\" target=\"_blank\" rel=\"noopener noreferrer\">Latergramme<\/a>, las mejores horas para publicar en Instagram seg\u00fan los d\u00edas de la semana y fines de semana son:<\/p>\n<ul>\n<li>Lunes: 7 de la tarde y 10 de la noche<\/li>\n<li>Martes: 3 de la ma\u00f1ana y 10 de la noche<\/li>\n<li>Mi\u00e9rcoles: 5 de la tarde<\/li>\n<li>Jueves: 7 de la ma\u00f1ana y 11 de la noche<\/li>\n<li>Viernes: 1 de la ma\u00f1ana y 8 de la tarde<\/li>\n<li>S\u00e1bado: 12 del mediod\u00eda y 2 de la ma\u00f1ana<\/li>\n<li>Domingo: 5 de la tarde<\/li>\n<\/ul>\n<p>Y adem\u00e1s de elegir las mejores horas, no menos importante es el uso de hashtags. Siempre es mejor calidad que cantidad, as\u00ed que a elegir aquellos que s\u00ed sean m\u00e1s relevantes para la publicaci\u00f3n. Evitar aquellos al estilo #tagsforlikes o #likes4likes. \u00bfPor qu\u00e9? Porque no solo NO suman seguidores de calidad (aquellos que s\u00ed pueden llegar a generar una venta o interacci\u00f3n) sin que adem\u00e1s deja en evidencia la \u00abdesesperaci\u00f3n\u00bb por acumular una cantidad de corazones. No es recomendable si est\u00e1s tratando de construir una buena reputaci\u00f3n.<\/p>\n<p>\u00a1Espero que te sirvan estos consejos!<\/p><div class=\"alear-contenido_2 alear-entity-placement\" id=\"alear-2321417379\"><div id=\"ads-no-underline\" class=\"AdsContent\" style=\"margin-top: 15px;margin-bottom: 20px;margin-left: auto;margin-right: auto;text-align: center;\"><a href=\"https:\/\/ar.neolo.com\/aff.php?aff=369\" target=\"_blank\" aria-label=\"Neolo Servicios de Hosting -- El blog de aleare.design\"><img loading=\"lazy\" decoding=\"async\" src=\"https:\/\/aleare.com.ar\/blog\/wp-content\/uploads\/2020\/04\/Neolo_Banners_sin-tilde-x4_728x90.png\" alt=\"Neolo Servicios de Hosting -- El blog de aleare.design\"  srcset=\"https:\/\/aleare.com.ar\/blog\/wp-content\/uploads\/2020\/04\/Neolo_Banners_sin-tilde-x4_728x90.png 728w, https:\/\/aleare.com.ar\/blog\/wp-content\/uploads\/2020\/04\/Neolo_Banners_sin-tilde-x4_728x90-300x37.png 300w\" sizes=\"(max-width: 728px) 100vw, 728px\" width=\"728\" height=\"90\"  style=\"display: inline-block;\" \/><\/a><\/div><\/div>\n<p>&nbsp;<\/p>\n<p><small>Imagen de <a href=\"https:\/\/pixabay.com\/es\/users\/Kaufdex-2137215\/?utm_source=link-attribution&amp;utm_medium=referral&amp;utm_campaign=image&amp;utm_content=2166645\">Kaufdex<\/a> en <a href=\"https:\/\/pixabay.com\/es\/?utm_source=link-attribution&amp;utm_medium=referral&amp;utm_campaign=image&amp;utm_content=2166645\">Pixabay<\/a><\/small><\/p>\n<div class=\"alear-despues-del-contenido-2 alear-entity-placement\" id=\"alear-2505513760\"><div id=\"ads-no-underline\" style=\"margin-top: 50px;margin-bottom: 31px;margin-left: auto;margin-right: auto;text-align: center;\"><p><a href=\"https:\/\/www.presearch.org\/signup?rid=2329661\" target=\"_blank\" rel=\"noopener\"><br \/>\n<img decoding=\"async\" class=\"aligncenter\" title=\"Presearch\" src=\"https:\/\/presearch.org\/images\/rf\/ban-4.jpg\" alt=\"presearch\" \/><\/a><\/p>\n<\/div><\/div><div id=\"alear-2840232869\" class=\"alear-despues-del-contenido alear-entity-placement\" style=\"margin-top: 30px;margin-bottom: 30px;\"><script async src=\"\/\/pagead2.googlesyndication.com\/pagead\/js\/adsbygoogle.js?client=ca-pub-5464693981010234\" crossorigin=\"anonymous\"><\/script><ins class=\"adsbygoogle\" style=\"display:block;\" data-ad-client=\"ca-pub-5464693981010234\" \ndata-ad-slot=\"2927777050\" \ndata-ad-format=\"auto\" data-full-width-responsive=\"true\"><\/ins>\n<script> \n(adsbygoogle = window.adsbygoogle || []).push({}); \n<\/script>\n<\/div>","protected":false},"excerpt":{"rendered":"<p>\u00bfCu\u00e1les son las mejores horas para publicar en Instagram y conseguir un mayor n\u00famero de #Likes para nuestros posts? Esta infograf\u00eda de @Cyberclick te las muestra: Adem\u00e1s, seg\u00fan un estudio realizado por Latergramme, las mejores horas para publicar en Instagram seg\u00fan los d\u00edas de la semana y fines de semana son: Lunes: 7 de la [&hellip;]<\/p>\n","protected":false},"author":3,"featured_media":2292,"comment_status":"open","ping_status":"closed","sticky":false,"template":"","format":"standard","meta":{"footnotes":""},"categories":[20],"tags":[104,119],"class_list":["post-97","post","type-post","status-publish","format-standard","has-post-thumbnail","hentry","category-redes-sociales","tag-instagram","tag-redes-sociales"],"yoast_head":"<!-- This site is optimized with the Yoast SEO plugin v27.5 - https:\/\/yoast.com\/product\/yoast-seo-wordpress\/ -->\n<title>Las mejores horas para publicar en Instagram - El blog de Aleare Design<\/title>\n<meta name=\"description\" content=\"\u00bfCu\u00e1les son las mejores horas para publicar en Instagram y conseguir el mayor n\u00famero de #Likes para nuestros posts? Aqu\u00ed te muestro:\" \/>\n<meta name=\"robots\" content=\"index, follow, max-snippet:-1, max-image-preview:large, max-video-preview:-1\" \/>\n<link rel=\"canonical\" href=\"https:\/\/aleare.com.ar\/blog\/las-mejores-horas-para-publicar-en-instagram\/\" \/>\n<meta property=\"og:locale\" content=\"es_ES\" \/>\n<meta property=\"og:type\" content=\"article\" \/>\n<meta property=\"og:title\" content=\"Las mejores horas para publicar en Instagram - El blog de Aleare Design\" \/>\n<meta property=\"og:description\" content=\"\u00bfCu\u00e1les son las mejores horas para publicar en Instagram y conseguir el mayor n\u00famero de #Likes para nuestros posts? Aqu\u00ed te muestro:\" \/>\n<meta property=\"og:url\" content=\"https:\/\/aleare.com.ar\/blog\/las-mejores-horas-para-publicar-en-instagram\/\" \/>\n<meta property=\"og:site_name\" content=\"El blog de Aleare Design\" \/>\n<meta property=\"article:publisher\" content=\"https:\/\/facebook.com\/aleare.design\" \/>\n<meta property=\"article:published_time\" content=\"2019-09-27T11:11:00+00:00\" \/>\n<meta property=\"article:modified_time\" content=\"2023-07-12T13:43:45+00:00\" \/>\n<meta property=\"og:image\" content=\"https:\/\/aleare.com.ar\/blog\/wp-content\/uploads\/2019\/09\/mejores-horarios-para-publicar-en-Instagram-Blog-Aleare-Design.jpg\" \/>\n\t<meta property=\"og:image:width\" content=\"1400\" \/>\n\t<meta property=\"og:image:height\" content=\"640\" \/>\n\t<meta property=\"og:image:type\" content=\"image\/jpeg\" \/>\n<meta name=\"author\" content=\"Alejandra Arellano\" \/>\n<meta name=\"twitter:card\" content=\"summary_large_image\" \/>\n<meta name=\"twitter:creator\" content=\"@alearedesign\" \/>\n<meta name=\"twitter:site\" content=\"@alearedesign\" \/>\n<meta name=\"twitter:label1\" content=\"Escrito por\" \/>\n\t<meta name=\"twitter:data1\" content=\"Alejandra Arellano\" \/>\n\t<meta name=\"twitter:label2\" content=\"Tiempo de lectura\" \/>\n\t<meta name=\"twitter:data2\" content=\"1 minuto\" \/>\n<script type=\"application\/ld+json\" class=\"yoast-schema-graph\">{\"@context\":\"https:\\\/\\\/schema.org\",\"@graph\":[{\"@type\":\"Article\",\"@id\":\"https:\\\/\\\/aleare.com.ar\\\/blog\\\/las-mejores-horas-para-publicar-en-instagram\\\/#article\",\"isPartOf\":{\"@id\":\"https:\\\/\\\/aleare.com.ar\\\/blog\\\/las-mejores-horas-para-publicar-en-instagram\\\/\"},\"author\":{\"name\":\"Alejandra Arellano\",\"@id\":\"https:\\\/\\\/aleare.com.ar\\\/blog\\\/#\\\/schema\\\/person\\\/27a45eff37314009fd06aa7775650f0e\"},\"headline\":\"Las mejores horas para publicar en Instagram\",\"datePublished\":\"2019-09-27T11:11:00+00:00\",\"dateModified\":\"2023-07-12T13:43:45+00:00\",\"mainEntityOfPage\":{\"@id\":\"https:\\\/\\\/aleare.com.ar\\\/blog\\\/las-mejores-horas-para-publicar-en-instagram\\\/\"},\"wordCount\":227,\"commentCount\":0,\"publisher\":{\"@id\":\"https:\\\/\\\/aleare.com.ar\\\/blog\\\/#organization\"},\"image\":{\"@id\":\"https:\\\/\\\/aleare.com.ar\\\/blog\\\/las-mejores-horas-para-publicar-en-instagram\\\/#primaryimage\"},\"thumbnailUrl\":\"https:\\\/\\\/aleare.com.ar\\\/blog\\\/wp-content\\\/uploads\\\/2019\\\/09\\\/mejores-horarios-para-publicar-en-Instagram-Blog-Aleare-Design.jpg\",\"keywords\":[\"Instagram\",\"Redes Sociales\"],\"articleSection\":[\"Redes sociales\"],\"inLanguage\":\"es\",\"potentialAction\":[{\"@type\":\"CommentAction\",\"name\":\"Comment\",\"target\":[\"https:\\\/\\\/aleare.com.ar\\\/blog\\\/las-mejores-horas-para-publicar-en-instagram\\\/#respond\"]}]},{\"@type\":\"WebPage\",\"@id\":\"https:\\\/\\\/aleare.com.ar\\\/blog\\\/las-mejores-horas-para-publicar-en-instagram\\\/\",\"url\":\"https:\\\/\\\/aleare.com.ar\\\/blog\\\/las-mejores-horas-para-publicar-en-instagram\\\/\",\"name\":\"Las mejores horas para publicar en Instagram - El blog de Aleare Design\",\"isPartOf\":{\"@id\":\"https:\\\/\\\/aleare.com.ar\\\/blog\\\/#website\"},\"primaryImageOfPage\":{\"@id\":\"https:\\\/\\\/aleare.com.ar\\\/blog\\\/las-mejores-horas-para-publicar-en-instagram\\\/#primaryimage\"},\"image\":{\"@id\":\"https:\\\/\\\/aleare.com.ar\\\/blog\\\/las-mejores-horas-para-publicar-en-instagram\\\/#primaryimage\"},\"thumbnailUrl\":\"https:\\\/\\\/aleare.com.ar\\\/blog\\\/wp-content\\\/uploads\\\/2019\\\/09\\\/mejores-horarios-para-publicar-en-Instagram-Blog-Aleare-Design.jpg\",\"datePublished\":\"2019-09-27T11:11:00+00:00\",\"dateModified\":\"2023-07-12T13:43:45+00:00\",\"description\":\"\u00bfCu\u00e1les son las mejores horas para publicar en Instagram y conseguir el mayor n\u00famero de #Likes para nuestros posts? Aqu\u00ed te muestro:\",\"breadcrumb\":{\"@id\":\"https:\\\/\\\/aleare.com.ar\\\/blog\\\/las-mejores-horas-para-publicar-en-instagram\\\/#breadcrumb\"},\"inLanguage\":\"es\",\"potentialAction\":[{\"@type\":\"ReadAction\",\"target\":[\"https:\\\/\\\/aleare.com.ar\\\/blog\\\/las-mejores-horas-para-publicar-en-instagram\\\/\"]}]},{\"@type\":\"ImageObject\",\"inLanguage\":\"es\",\"@id\":\"https:\\\/\\\/aleare.com.ar\\\/blog\\\/las-mejores-horas-para-publicar-en-instagram\\\/#primaryimage\",\"url\":\"https:\\\/\\\/aleare.com.ar\\\/blog\\\/wp-content\\\/uploads\\\/2019\\\/09\\\/mejores-horarios-para-publicar-en-Instagram-Blog-Aleare-Design.jpg\",\"contentUrl\":\"https:\\\/\\\/aleare.com.ar\\\/blog\\\/wp-content\\\/uploads\\\/2019\\\/09\\\/mejores-horarios-para-publicar-en-Instagram-Blog-Aleare-Design.jpg\",\"width\":1400,\"height\":640,\"caption\":\"Cu\u00e1les son los mejores horarios para publicar en #Instagram -- El blog de Aleare Design\"},{\"@type\":\"BreadcrumbList\",\"@id\":\"https:\\\/\\\/aleare.com.ar\\\/blog\\\/las-mejores-horas-para-publicar-en-instagram\\\/#breadcrumb\",\"itemListElement\":[{\"@type\":\"ListItem\",\"position\":1,\"name\":\"Portada\",\"item\":\"https:\\\/\\\/aleare.com.ar\\\/blog\\\/\"},{\"@type\":\"ListItem\",\"position\":2,\"name\":\"Las mejores horas para publicar en Instagram\"}]},{\"@type\":\"WebSite\",\"@id\":\"https:\\\/\\\/aleare.com.ar\\\/blog\\\/#website\",\"url\":\"https:\\\/\\\/aleare.com.ar\\\/blog\\\/\",\"name\":\"El Blog de Aleare Design\",\"description\":\"dise\u00f1o gr\u00e1fico | dise\u00f1o web | programaci\u00f3n | ecommerce | email marketing | redes sociales\",\"publisher\":{\"@id\":\"https:\\\/\\\/aleare.com.ar\\\/blog\\\/#organization\"},\"alternateName\":\"El Blog de Aleare Design\",\"potentialAction\":[{\"@type\":\"SearchAction\",\"target\":{\"@type\":\"EntryPoint\",\"urlTemplate\":\"https:\\\/\\\/aleare.com.ar\\\/blog\\\/?s={search_term_string}\"},\"query-input\":{\"@type\":\"PropertyValueSpecification\",\"valueRequired\":true,\"valueName\":\"search_term_string\"}}],\"inLanguage\":\"es\"},{\"@type\":\"Organization\",\"@id\":\"https:\\\/\\\/aleare.com.ar\\\/blog\\\/#organization\",\"name\":\"Aleare Design Estudio Creativo\",\"alternateName\":\"Aleare Design\",\"url\":\"https:\\\/\\\/aleare.com.ar\\\/blog\\\/\",\"logo\":{\"@type\":\"ImageObject\",\"inLanguage\":\"es\",\"@id\":\"https:\\\/\\\/aleare.com.ar\\\/blog\\\/#\\\/schema\\\/logo\\\/image\\\/\",\"url\":\"https:\\\/\\\/aleare.com.ar\\\/blog\\\/wp-content\\\/uploads\\\/2021\\\/06\\\/aleare-design-estudio-creativo.jpg\",\"contentUrl\":\"https:\\\/\\\/aleare.com.ar\\\/blog\\\/wp-content\\\/uploads\\\/2021\\\/06\\\/aleare-design-estudio-creativo.jpg\",\"width\":840,\"height\":600,\"caption\":\"Aleare Design Estudio Creativo\"},\"image\":{\"@id\":\"https:\\\/\\\/aleare.com.ar\\\/blog\\\/#\\\/schema\\\/logo\\\/image\\\/\"},\"sameAs\":[\"https:\\\/\\\/facebook.com\\\/aleare.design\",\"https:\\\/\\\/x.com\\\/alearedesign\",\"https:\\\/\\\/instagram.com\\\/aleare.design\"]},{\"@type\":\"Person\",\"@id\":\"https:\\\/\\\/aleare.com.ar\\\/blog\\\/#\\\/schema\\\/person\\\/27a45eff37314009fd06aa7775650f0e\",\"name\":\"Alejandra Arellano\",\"image\":{\"@type\":\"ImageObject\",\"inLanguage\":\"es\",\"@id\":\"https:\\\/\\\/secure.gravatar.com\\\/avatar\\\/d958e05f7413bcdb38a469ad3c97abaeaf779735a05792a6b3e3e41df4406516?s=96&d=wp_user_avatar&r=g\",\"url\":\"https:\\\/\\\/secure.gravatar.com\\\/avatar\\\/d958e05f7413bcdb38a469ad3c97abaeaf779735a05792a6b3e3e41df4406516?s=96&d=wp_user_avatar&r=g\",\"contentUrl\":\"https:\\\/\\\/secure.gravatar.com\\\/avatar\\\/d958e05f7413bcdb38a469ad3c97abaeaf779735a05792a6b3e3e41df4406516?s=96&d=wp_user_avatar&r=g\",\"caption\":\"Alejandra Arellano\"},\"description\":\"\u00a1Hola Mundo! Soy dise\u00f1adora gr\u00e1fica y web, programadora HTML\\\/CSS, ilustradora, community manager, curadora de contenidos, escritora, mentora. Fundadora y directora de Aleare Design Estudio Creativo y Comunicaci\u00f3n Digital.\",\"sameAs\":[\"https:\\\/\\\/aleare.com.ar\\\/\"],\"url\":\"https:\\\/\\\/aleare.com.ar\\\/blog\\\/author\\\/aleare\\\/\"}]}<\/script>\n<!-- \/ Yoast SEO plugin. -->","yoast_head_json":{"title":"Las mejores horas para publicar en Instagram - El blog de Aleare Design","description":"\u00bfCu\u00e1les son las mejores horas para publicar en Instagram y conseguir el mayor n\u00famero de #Likes para nuestros posts? Aqu\u00ed te muestro:","robots":{"index":"index","follow":"follow","max-snippet":"max-snippet:-1","max-image-preview":"max-image-preview:large","max-video-preview":"max-video-preview:-1"},"canonical":"https:\/\/aleare.com.ar\/blog\/las-mejores-horas-para-publicar-en-instagram\/","og_locale":"es_ES","og_type":"article","og_title":"Las mejores horas para publicar en Instagram - El blog de Aleare Design","og_description":"\u00bfCu\u00e1les son las mejores horas para publicar en Instagram y conseguir el mayor n\u00famero de #Likes para nuestros posts? Aqu\u00ed te muestro:","og_url":"https:\/\/aleare.com.ar\/blog\/las-mejores-horas-para-publicar-en-instagram\/","og_site_name":"El blog de Aleare Design","article_publisher":"https:\/\/facebook.com\/aleare.design","article_published_time":"2019-09-27T11:11:00+00:00","article_modified_time":"2023-07-12T13:43:45+00:00","og_image":[{"width":1400,"height":640,"url":"https:\/\/aleare.com.ar\/blog\/wp-content\/uploads\/2019\/09\/mejores-horarios-para-publicar-en-Instagram-Blog-Aleare-Design.jpg","type":"image\/jpeg"}],"author":"Alejandra Arellano","twitter_card":"summary_large_image","twitter_creator":"@alearedesign","twitter_site":"@alearedesign","twitter_misc":{"Escrito por":"Alejandra Arellano","Tiempo de lectura":"1 minuto"},"schema":{"@context":"https:\/\/schema.org","@graph":[{"@type":"Article","@id":"https:\/\/aleare.com.ar\/blog\/las-mejores-horas-para-publicar-en-instagram\/#article","isPartOf":{"@id":"https:\/\/aleare.com.ar\/blog\/las-mejores-horas-para-publicar-en-instagram\/"},"author":{"name":"Alejandra Arellano","@id":"https:\/\/aleare.com.ar\/blog\/#\/schema\/person\/27a45eff37314009fd06aa7775650f0e"},"headline":"Las mejores horas para publicar en Instagram","datePublished":"2019-09-27T11:11:00+00:00","dateModified":"2023-07-12T13:43:45+00:00","mainEntityOfPage":{"@id":"https:\/\/aleare.com.ar\/blog\/las-mejores-horas-para-publicar-en-instagram\/"},"wordCount":227,"commentCount":0,"publisher":{"@id":"https:\/\/aleare.com.ar\/blog\/#organization"},"image":{"@id":"https:\/\/aleare.com.ar\/blog\/las-mejores-horas-para-publicar-en-instagram\/#primaryimage"},"thumbnailUrl":"https:\/\/aleare.com.ar\/blog\/wp-content\/uploads\/2019\/09\/mejores-horarios-para-publicar-en-Instagram-Blog-Aleare-Design.jpg","keywords":["Instagram","Redes Sociales"],"articleSection":["Redes sociales"],"inLanguage":"es","potentialAction":[{"@type":"CommentAction","name":"Comment","target":["https:\/\/aleare.com.ar\/blog\/las-mejores-horas-para-publicar-en-instagram\/#respond"]}]},{"@type":"WebPage","@id":"https:\/\/aleare.com.ar\/blog\/las-mejores-horas-para-publicar-en-instagram\/","url":"https:\/\/aleare.com.ar\/blog\/las-mejores-horas-para-publicar-en-instagram\/","name":"Las mejores horas para publicar en Instagram - El blog de Aleare Design","isPartOf":{"@id":"https:\/\/aleare.com.ar\/blog\/#website"},"primaryImageOfPage":{"@id":"https:\/\/aleare.com.ar\/blog\/las-mejores-horas-para-publicar-en-instagram\/#primaryimage"},"image":{"@id":"https:\/\/aleare.com.ar\/blog\/las-mejores-horas-para-publicar-en-instagram\/#primaryimage"},"thumbnailUrl":"https:\/\/aleare.com.ar\/blog\/wp-content\/uploads\/2019\/09\/mejores-horarios-para-publicar-en-Instagram-Blog-Aleare-Design.jpg","datePublished":"2019-09-27T11:11:00+00:00","dateModified":"2023-07-12T13:43:45+00:00","description":"\u00bfCu\u00e1les son las mejores horas para publicar en Instagram y conseguir el mayor n\u00famero de #Likes para nuestros posts? Aqu\u00ed te muestro:","breadcrumb":{"@id":"https:\/\/aleare.com.ar\/blog\/las-mejores-horas-para-publicar-en-instagram\/#breadcrumb"},"inLanguage":"es","potentialAction":[{"@type":"ReadAction","target":["https:\/\/aleare.com.ar\/blog\/las-mejores-horas-para-publicar-en-instagram\/"]}]},{"@type":"ImageObject","inLanguage":"es","@id":"https:\/\/aleare.com.ar\/blog\/las-mejores-horas-para-publicar-en-instagram\/#primaryimage","url":"https:\/\/aleare.com.ar\/blog\/wp-content\/uploads\/2019\/09\/mejores-horarios-para-publicar-en-Instagram-Blog-Aleare-Design.jpg","contentUrl":"https:\/\/aleare.com.ar\/blog\/wp-content\/uploads\/2019\/09\/mejores-horarios-para-publicar-en-Instagram-Blog-Aleare-Design.jpg","width":1400,"height":640,"caption":"Cu\u00e1les son los mejores horarios para publicar en #Instagram -- El blog de Aleare Design"},{"@type":"BreadcrumbList","@id":"https:\/\/aleare.com.ar\/blog\/las-mejores-horas-para-publicar-en-instagram\/#breadcrumb","itemListElement":[{"@type":"ListItem","position":1,"name":"Portada","item":"https:\/\/aleare.com.ar\/blog\/"},{"@type":"ListItem","position":2,"name":"Las mejores horas para publicar en Instagram"}]},{"@type":"WebSite","@id":"https:\/\/aleare.com.ar\/blog\/#website","url":"https:\/\/aleare.com.ar\/blog\/","name":"El Blog de Aleare Design","description":"dise\u00f1o gr\u00e1fico | dise\u00f1o web | programaci\u00f3n | ecommerce | email marketing | redes sociales","publisher":{"@id":"https:\/\/aleare.com.ar\/blog\/#organization"},"alternateName":"El Blog de Aleare Design","potentialAction":[{"@type":"SearchAction","target":{"@type":"EntryPoint","urlTemplate":"https:\/\/aleare.com.ar\/blog\/?s={search_term_string}"},"query-input":{"@type":"PropertyValueSpecification","valueRequired":true,"valueName":"search_term_string"}}],"inLanguage":"es"},{"@type":"Organization","@id":"https:\/\/aleare.com.ar\/blog\/#organization","name":"Aleare Design Estudio Creativo","alternateName":"Aleare Design","url":"https:\/\/aleare.com.ar\/blog\/","logo":{"@type":"ImageObject","inLanguage":"es","@id":"https:\/\/aleare.com.ar\/blog\/#\/schema\/logo\/image\/","url":"https:\/\/aleare.com.ar\/blog\/wp-content\/uploads\/2021\/06\/aleare-design-estudio-creativo.jpg","contentUrl":"https:\/\/aleare.com.ar\/blog\/wp-content\/uploads\/2021\/06\/aleare-design-estudio-creativo.jpg","width":840,"height":600,"caption":"Aleare Design Estudio Creativo"},"image":{"@id":"https:\/\/aleare.com.ar\/blog\/#\/schema\/logo\/image\/"},"sameAs":["https:\/\/facebook.com\/aleare.design","https:\/\/x.com\/alearedesign","https:\/\/instagram.com\/aleare.design"]},{"@type":"Person","@id":"https:\/\/aleare.com.ar\/blog\/#\/schema\/person\/27a45eff37314009fd06aa7775650f0e","name":"Alejandra Arellano","image":{"@type":"ImageObject","inLanguage":"es","@id":"https:\/\/secure.gravatar.com\/avatar\/d958e05f7413bcdb38a469ad3c97abaeaf779735a05792a6b3e3e41df4406516?s=96&d=wp_user_avatar&r=g","url":"https:\/\/secure.gravatar.com\/avatar\/d958e05f7413bcdb38a469ad3c97abaeaf779735a05792a6b3e3e41df4406516?s=96&d=wp_user_avatar&r=g","contentUrl":"https:\/\/secure.gravatar.com\/avatar\/d958e05f7413bcdb38a469ad3c97abaeaf779735a05792a6b3e3e41df4406516?s=96&d=wp_user_avatar&r=g","caption":"Alejandra Arellano"},"description":"\u00a1Hola Mundo! Soy dise\u00f1adora gr\u00e1fica y web, programadora HTML\/CSS, ilustradora, community manager, curadora de contenidos, escritora, mentora. Fundadora y directora de Aleare Design Estudio Creativo y Comunicaci\u00f3n Digital.","sameAs":["https:\/\/aleare.com.ar\/"],"url":"https:\/\/aleare.com.ar\/blog\/author\/aleare\/"}]}},"amp_enabled":true,"_links":{"self":[{"href":"https:\/\/aleare.com.ar\/blog\/wp-json\/wp\/v2\/posts\/97","targetHints":{"allow":["GET"]}}],"collection":[{"href":"https:\/\/aleare.com.ar\/blog\/wp-json\/wp\/v2\/posts"}],"about":[{"href":"https:\/\/aleare.com.ar\/blog\/wp-json\/wp\/v2\/types\/post"}],"author":[{"embeddable":true,"href":"https:\/\/aleare.com.ar\/blog\/wp-json\/wp\/v2\/users\/3"}],"replies":[{"embeddable":true,"href":"https:\/\/aleare.com.ar\/blog\/wp-json\/wp\/v2\/comments?post=97"}],"version-history":[{"count":1,"href":"https:\/\/aleare.com.ar\/blog\/wp-json\/wp\/v2\/posts\/97\/revisions"}],"predecessor-version":[{"id":2876,"href":"https:\/\/aleare.com.ar\/blog\/wp-json\/wp\/v2\/posts\/97\/revisions\/2876"}],"wp:featuredmedia":[{"embeddable":true,"href":"https:\/\/aleare.com.ar\/blog\/wp-json\/wp\/v2\/media\/2292"}],"wp:attachment":[{"href":"https:\/\/aleare.com.ar\/blog\/wp-json\/wp\/v2\/media?parent=97"}],"wp:term":[{"taxonomy":"category","embeddable":true,"href":"https:\/\/aleare.com.ar\/blog\/wp-json\/wp\/v2\/categories?post=97"},{"taxonomy":"post_tag","embeddable":true,"href":"https:\/\/aleare.com.ar\/blog\/wp-json\/wp\/v2\/tags?post=97"}],"curies":[{"name":"wp","href":"https:\/\/api.w.org\/{rel}","templated":true}]}}